{"id":1482,"date":"2021-09-27T19:40:03","date_gmt":"2021-09-27T19:40:03","guid":{"rendered":"https:\/\/ambdakar.esteri.it\/news\/dall_ambasciata\/2021\/09\/opportunita-di-studio-e-formazione-2\/"},"modified":"2023-11-23T15:01:41","modified_gmt":"2023-11-23T15:01:41","slug":"opportunita-di-studio-e-formazione-2","status":"publish","type":"post","link":"https:\/\/ambdakar.esteri.it\/fr\/news\/dall_ambasciata\/2021\/09\/opportunita-di-studio-e-formazione-2\/","title":{"rendered":"Opportunit\u00e9 d\u2019\u00e9tudes et formation en Italie pour jeunes de l\u2019Afrique occidentale."},"content":{"rendered":"<p class=\"xmsonormal\" style=\"text-align: justify; background: white;\"><span style=\"font-size: 14.0pt; font-family: 'Garamond',serif; color: #212121;\">Dans le cadre de la collaboration culturelle et scientifique bilat\u00e9rale et, en ligne avec l\u2019engagement de cette Repr\u00e9sentation pour la promotion des relations avec le S\u00e9n\u00e9gal et le Mali, l\u2019Ambassade a le plaisir de communiquer qu&rsquo;aussi pour l\u2019ann\u00e9e acad\u00e9mique 2021\/2022, de nouveaux jeunes talents ont \u00e9t\u00e9 s\u00e9lectionn\u00e9s afin qu&rsquo;ils poursuivent leur formation en Italie<\/span>.<\/p>\n<p class=\"xmsonormal\" style=\"text-align: justify; background: white;\"><span style=\"font-size: 14.0pt; font-family: 'Garamond',serif; color: #212121;\">Gr\u00e2ce aux bourses d\u2019\u00e9tudes offertes par le Minist\u00e8re des Affaires Etrang\u00e8res et de la Coop\u00e9ration Internationale, les b\u00e9n\u00e9ficiaires pourront se former dans les secteurs comme les biotechnologies, les sciences et l\u2019ing\u00e9nierie des mat\u00e9riels, le tourisme, la philologie moderne et la linguistique.<\/span><\/p>\n<p class=\"xmsonormal\" style=\"text-align: justify; background: white;\"><span style=\"font-size: 14.0pt; font-family: 'Garamond',serif; color: #212121;\">Ces jeunes prometteurs font partie de la centaine d\u2019\u00e9tudiants provenant du S\u00e9n\u00e9gal, Mali, Cap Vert, Gambie, Guin\u00e9e et Guin\u00e9e Bissau qui se rendent chaque ann\u00e9e en Italie pour leurs \u00e9tudes.<\/span><span style=\"font-size: 18.0pt; color: black;\"><br \/>\n<\/span><\/p>\n","protected":false},"excerpt":{"rendered":"Dans le cadre de la collaboration culturelle et scientifique bilat\u00e9rale et, en ligne avec l\u2019engagement de cette Repr\u00e9sentation pour la promotion des relations avec le S\u00e9n\u00e9gal et le Mali, l\u2019Ambassade a le plaisir de communiquer qu&rsquo;aussi pour l\u2019ann\u00e9e acad\u00e9mique 2021\/2022, de nouveaux jeunes talents ont \u00e9t\u00e9 s\u00e9lectionn\u00e9s afin qu&rsquo;ils poursuivent leur formation en Italie. Gr\u00e2ce [&hellip;]","protected":false},"author":1,"featured_media":0,"comment_status":"closed","ping_status":"closed","sticky":false,"template":"","format":"standard","meta":{"footnotes":""},"tags":[],"class_list":["post-1482","post","type-post","status-publish","format-standard","hentry"],"_links":{"self":[{"href":"https:\/\/ambdakar.esteri.it\/fr\/wp-json\/wp\/v2\/posts\/1482","targetHints":{"allow":["GET"]}}],"collection":[{"href":"https:\/\/ambdakar.esteri.it\/fr\/wp-json\/wp\/v2\/posts"}],"about":[{"href":"https:\/\/ambdakar.esteri.it\/fr\/wp-json\/wp\/v2\/types\/post"}],"author":[{"embeddable":true,"href":"https:\/\/ambdakar.esteri.it\/fr\/wp-json\/wp\/v2\/users\/1"}],"replies":[{"embeddable":true,"href":"https:\/\/ambdakar.esteri.it\/fr\/wp-json\/wp\/v2\/comments?post=1482"}],"version-history":[{"count":1,"href":"https:\/\/ambdakar.esteri.it\/fr\/wp-json\/wp\/v2\/posts\/1482\/revisions"}],"predecessor-version":[{"id":2588,"href":"https:\/\/ambdakar.esteri.it\/fr\/wp-json\/wp\/v2\/posts\/1482\/revisions\/2588"}],"wp:attachment":[{"href":"https:\/\/ambdakar.esteri.it\/fr\/wp-json\/wp\/v2\/media?parent=1482"}],"wp:term":[{"taxonomy":"post_tag","embeddable":true,"href":"https:\/\/ambdakar.esteri.it\/fr\/wp-json\/wp\/v2\/tags?post=1482"}],"curies":[{"name":"wp","href":"https:\/\/api.w.org\/{rel}","templated":true}]}}