{"id":1612,"date":"2020-09-24T12:40:40","date_gmt":"2020-09-24T12:40:40","guid":{"rendered":"https:\/\/ambdakar.esteri.it\/news\/dall_ambasciata\/2020\/09\/cerimonia-di-presentazione-delle-2\/"},"modified":"2023-11-23T15:01:48","modified_gmt":"2023-11-23T15:01:48","slug":"cerimonia-di-presentazione-delle-2","status":"publish","type":"post","link":"https:\/\/ambdakar.esteri.it\/fr\/news\/dall_ambasciata\/2020\/09\/cerimonia-di-presentazione-delle-2\/","title":{"rendered":"C\u00e9r\u00e9monie de pr\u00e9sentation des lettres de cr\u00e9ance du nouvel Ambassadeur d\u2019Italie \u00e0 Dakar"},"content":{"rendered":"<p>Giovanni Umberto De Vito a pr\u00e9sent\u00e9 ses lettres de cr\u00e9ance au Pr\u00e9sident de la R\u00e9publique du S\u00e9n\u00e9gal, Macky Sall, le 22 septembre dernier.<\/p>\n<p><img loading=\"lazy\" decoding=\"async\" style=\"display: block; margin-left: auto; margin-right: auto;\" src=\"resource\/resource\/2020\/09\/foto_2.jpg\" alt=\"foto 2\" width=\"475\" height=\"306\" \/><\/p>\n<p><img loading=\"lazy\" decoding=\"async\" style=\"display: block; margin-left: auto; margin-right: auto;\" src=\"resource\/resource\/2020\/09\/foto_3.jpg\" alt=\"foto 3\" width=\"476\" height=\"285\" \/><\/p>\n<p><img loading=\"lazy\" decoding=\"async\" style=\"display: block; margin-left: auto; margin-right: auto;\" src=\"resource\/resource\/2020\/09\/foto_4.jpg\" alt=\"foto 4\" width=\"482\" height=\"286\" \/><\/p>\n<p><img loading=\"lazy\" decoding=\"async\" style=\"display: block; margin-left: auto; margin-right: auto;\" src=\"resource\/resource\/2020\/09\/foto_6.jpg\" alt=\"foto 6\" width=\"478\" height=\"287\" \/><\/p>\n","protected":false},"excerpt":{"rendered":"Giovanni Umberto De Vito a pr\u00e9sent\u00e9 ses lettres de cr\u00e9ance au Pr\u00e9sident de la R\u00e9publique du S\u00e9n\u00e9gal, Macky Sall, le 22 septembre dernier.","protected":false},"author":1,"featured_media":0,"comment_status":"closed","ping_status":"closed","sticky":false,"template":"","format":"standard","meta":{"footnotes":""},"tags":[],"class_list":["post-1612","post","type-post","status-publish","format-standard","hentry"],"_links":{"self":[{"href":"https:\/\/ambdakar.esteri.it\/fr\/wp-json\/wp\/v2\/posts\/1612","targetHints":{"allow":["GET"]}}],"collection":[{"href":"https:\/\/ambdakar.esteri.it\/fr\/wp-json\/wp\/v2\/posts"}],"about":[{"href":"https:\/\/ambdakar.esteri.it\/fr\/wp-json\/wp\/v2\/types\/post"}],"author":[{"embeddable":true,"href":"https:\/\/ambdakar.esteri.it\/fr\/wp-json\/wp\/v2\/users\/1"}],"replies":[{"embeddable":true,"href":"https:\/\/ambdakar.esteri.it\/fr\/wp-json\/wp\/v2\/comments?post=1612"}],"version-history":[{"count":1,"href":"https:\/\/ambdakar.esteri.it\/fr\/wp-json\/wp\/v2\/posts\/1612\/revisions"}],"predecessor-version":[{"id":2593,"href":"https:\/\/ambdakar.esteri.it\/fr\/wp-json\/wp\/v2\/posts\/1612\/revisions\/2593"}],"wp:attachment":[{"href":"https:\/\/ambdakar.esteri.it\/fr\/wp-json\/wp\/v2\/media?parent=1612"}],"wp:term":[{"taxonomy":"post_tag","embeddable":true,"href":"https:\/\/ambdakar.esteri.it\/fr\/wp-json\/wp\/v2\/tags?post=1612"}],"curies":[{"name":"wp","href":"https:\/\/api.w.org\/{rel}","templated":true}]}}