{"id":1700,"date":"2020-05-28T12:18:46","date_gmt":"2020-05-28T12:18:46","guid":{"rendered":"https:\/\/ambdakar.esteri.it\/news\/dall_ambasciata\/2020\/05\/25-maggio-giornata-dell-africa-2\/"},"modified":"2020-05-28T12:18:46","modified_gmt":"2020-05-28T12:18:46","slug":"25-maggio-giornata-dell-africa-2","status":"publish","type":"post","link":"https:\/\/ambdakar.esteri.it\/fr\/news\/dall_ambasciata\/2020\/05\/25-maggio-giornata-dell-africa-2\/","title":{"rendered":"25 MAI &#8211; JOURN\u00c9E DE L&rsquo;AFRIQUE"},"content":{"rendered":"<p>Le Minist\u00e8re des Affaires Etrang\u00e8res et de la Coop\u00e9ration Internationale de la R\u00e9publique italiennne a organis\u00e9 un marathon virtuel pour c\u00e9l\u00e9brer l\u2019anniversaire de la naissance de l\u2019Organisation de l\u2019Unit\u00e9 Africaine (aujourd\u2019hui Union Africaine) ainsi bien<br \/>que l\u2019amiti\u00e9 et la solidarit\u00e9 entre l&rsquo;Afrique et l&rsquo;Italie face \u00e0 l\u2019\u00e9mergence sanitaire de nos jours.<\/p>\n<p>Regardez la vid\u00e9o avec les contributions de 50 artistes africains et italiens dont Niccol\u00f2 Fabi, Tommy Kuti, Kandy Guira, les Mezzotono et Baba Sissoko.<\/p>\n<p>Les vid\u00e9os musicales sont intercal\u00e9es par des interventions de personnalit\u00e9s politiques ayant le but de souligner l\u2019importance des relations historiques entre Italie et Afrique : des messages du Ministre des Affaires Etrang\u00e8res Luigi Di Maio, de la Vice-Ministre<br \/>Emanuela Del Re, qui a fait le d\u00e9placement sur Dakar \u00e0 la fin de janvier \u00e0 l&rsquo;occasion de l&rsquo;inauguration du nouvel Institut de Culture et de la signature de nombreux accords de coop\u00e9ration et, entre autres, de la Ministre des Affaires \u00e9trang\u00e8res sudafricaine Pandor (actuellement l\u2019Afrique du Sud est pr\u00e9sidente en exercice de l\u2019Union Africaine), de la Vice-Secr\u00e9taire G\u00e9n\u00e9rale des Nations Unies Amina Mohammed, du Pr\u00e9sident de la Somalie, Mohamed Abdullahi Mohamed Farmajo, du Pr\u00e9sident du Burkina Faso, Roch Marc Christian Kabore, du Vice-Pr\u00e9sident de la Commission de l\u2019Union Africaine, Kwesi Quartey et de la Secr\u00e9taire Ex\u00e9cutive d\u2019UNECA, Vera Songwe.<\/p>\n<p>VIVE LE PARTENARIAT ITALO-AFRICAIN, NOS MEILLEURS VEUX \u00c0 NOS AMIS AFRICAINS EN CE JOUR !<\/p>\n<p>Connectez-vous sur <a href=\"https:\/\/m.youtube.com\/user\/MinisteroEsteri?hl=it&#038;gl=IT\">https:\/\/m.youtube.com\/user\/MinisteroEsteri?hl=it&#038;gl=IT<\/a><\/p>\n","protected":false},"excerpt":{"rendered":"Le Minist\u00e8re des Affaires Etrang\u00e8res et de la Coop\u00e9ration Internationale de la R\u00e9publique italiennne a organis\u00e9 un marathon virtuel pour c\u00e9l\u00e9brer l\u2019anniversaire de la naissance de l\u2019Organisation de l\u2019Unit\u00e9 Africaine (aujourd\u2019hui Union Africaine) ainsi bienque l\u2019amiti\u00e9 et la solidarit\u00e9 entre l&rsquo;Afrique et l&rsquo;Italie face \u00e0 l\u2019\u00e9mergence sanitaire de nos jours. Regardez la vid\u00e9o avec les [&hellip;]","protected":false},"author":1,"featured_media":0,"comment_status":"","ping_status":"","sticky":false,"template":"","format":"standard","meta":{"footnotes":""},"tags":[],"class_list":["post-1700","post","type-post","status-publish","format-standard","hentry"],"_links":{"self":[{"href":"https:\/\/ambdakar.esteri.it\/fr\/wp-json\/wp\/v2\/posts\/1700","targetHints":{"allow":["GET"]}}],"collection":[{"href":"https:\/\/ambdakar.esteri.it\/fr\/wp-json\/wp\/v2\/posts"}],"about":[{"href":"https:\/\/ambdakar.esteri.it\/fr\/wp-json\/wp\/v2\/types\/post"}],"author":[{"embeddable":true,"href":"https:\/\/ambdakar.esteri.it\/fr\/wp-json\/wp\/v2\/users\/1"}],"replies":[{"embeddable":true,"href":"https:\/\/ambdakar.esteri.it\/fr\/wp-json\/wp\/v2\/comments?post=1700"}],"version-history":[{"count":0,"href":"https:\/\/ambdakar.esteri.it\/fr\/wp-json\/wp\/v2\/posts\/1700\/revisions"}],"wp:attachment":[{"href":"https:\/\/ambdakar.esteri.it\/fr\/wp-json\/wp\/v2\/media?parent=1700"}],"wp:term":[{"taxonomy":"post_tag","embeddable":true,"href":"https:\/\/ambdakar.esteri.it\/fr\/wp-json\/wp\/v2\/tags?post=1700"}],"curies":[{"name":"wp","href":"https:\/\/api.w.org\/{rel}","templated":true}]}}