{"id":1718,"date":"2020-05-07T16:36:32","date_gmt":"2020-05-07T16:36:32","guid":{"rendered":"https:\/\/ambdakar.esteri.it\/news\/dall_ambasciata\/2020\/05\/permessi-di-soggiorno-scaduti-o-2\/"},"modified":"2020-05-07T16:36:32","modified_gmt":"2020-05-07T16:36:32","slug":"permessi-di-soggiorno-scaduti-o-2","status":"publish","type":"post","link":"https:\/\/ambdakar.esteri.it\/fr\/news\/dall_ambasciata\/2020\/05\/permessi-di-soggiorno-scaduti-o-2\/","title":{"rendered":"PERMIS DE SEJOUR EN ECHEANCE OU EXPIRES"},"content":{"rendered":"<p>Nous informons les citoyens \u00e9trangers en possession d\u2019un permis de s\u00e9jour en \u00e9ch\u00e9ance que la validit\u00e9 de leur permis a \u00e9t\u00e9 prorog\u00e9e jusqu\u2019au 31 aout 2020.<\/p>\n","protected":false},"excerpt":{"rendered":"Nous informons les citoyens \u00e9trangers en possession d\u2019un permis de s\u00e9jour en \u00e9ch\u00e9ance que la validit\u00e9 de leur permis a \u00e9t\u00e9 prorog\u00e9e jusqu\u2019au 31 aout 2020.","protected":false},"author":1,"featured_media":0,"comment_status":"","ping_status":"","sticky":false,"template":"","format":"standard","meta":{"footnotes":""},"tags":[],"class_list":["post-1718","post","type-post","status-publish","format-standard","hentry"],"_links":{"self":[{"href":"https:\/\/ambdakar.esteri.it\/fr\/wp-json\/wp\/v2\/posts\/1718","targetHints":{"allow":["GET"]}}],"collection":[{"href":"https:\/\/ambdakar.esteri.it\/fr\/wp-json\/wp\/v2\/posts"}],"about":[{"href":"https:\/\/ambdakar.esteri.it\/fr\/wp-json\/wp\/v2\/types\/post"}],"author":[{"embeddable":true,"href":"https:\/\/ambdakar.esteri.it\/fr\/wp-json\/wp\/v2\/users\/1"}],"replies":[{"embeddable":true,"href":"https:\/\/ambdakar.esteri.it\/fr\/wp-json\/wp\/v2\/comments?post=1718"}],"version-history":[{"count":0,"href":"https:\/\/ambdakar.esteri.it\/fr\/wp-json\/wp\/v2\/posts\/1718\/revisions"}],"wp:attachment":[{"href":"https:\/\/ambdakar.esteri.it\/fr\/wp-json\/wp\/v2\/media?parent=1718"}],"wp:term":[{"taxonomy":"post_tag","embeddable":true,"href":"https:\/\/ambdakar.esteri.it\/fr\/wp-json\/wp\/v2\/tags?post=1718"}],"curies":[{"name":"wp","href":"https:\/\/api.w.org\/{rel}","templated":true}]}}