{"id":1724,"date":"2020-04-28T11:48:41","date_gmt":"2020-04-28T11:48:41","guid":{"rendered":"https:\/\/ambdakar.esteri.it\/news\/dall_ambasciata\/2020\/04\/senegal-prossimi-voli-airfrance_0-2\/"},"modified":"2020-04-28T11:48:41","modified_gmt":"2020-04-28T11:48:41","slug":"senegal-prossimi-voli-airfrance_0-2","status":"publish","type":"post","link":"https:\/\/ambdakar.esteri.it\/fr\/news\/dall_ambasciata\/2020\/04\/senegal-prossimi-voli-airfrance_0-2\/","title":{"rendered":"SENEGAL \u2013 LES PROCHAINS VOLS AIRFRANCE"},"content":{"rendered":"<p>Nous signalons qu\u2019Airfrance a pr\u00e9vu de nouveau vols de Dakar pour Paris, pour le 29 avril, le 6,6,11 et 13 mai.<\/p>\n<p>Tous les int\u00e9ress\u00e9s doivent prendre contact avec la compagnie pour v\u00e9rifier la disponibilit\u00e9 et acheter les billets.<\/p>\n<p><a href=\"http:\/\/www.airfrance.sn\">www.airfrance.sn<\/a><\/p>\n<p>+221338397777 (de 9h \u00e0 18h tous les jours)<\/p>\n<p>+221338397791 (de 9h \u00e0 114h et de 14h \u00e0 17h du lundi au vendredi)<\/p>\n<p>Nous informons que des vols Alitalia sont op\u00e9rationnels depuis Paris, pour plus d\u2019informations : <a href=\"http:\/\/www.alitalia.com\">www.alitalia.com<\/a><\/p>\n<p>Les voyageurs \u00e0 destination Italie sont autoris\u00e9s \u00e0 transit \u00e0 l\u2019a\u00e9roport de Paris et, en cas de besoin, il est possible de dormir dans l\u2019un des h\u00f4tels ouverts dans la zone de l\u2019a\u00e9roport, \u00e9quip\u00e9s d\u2019un billet pour l\u2019Italie et de d\u00e9claration de transit, disponible sur le site de l\u2019Ambassade d\u2019Italie \u00e0 Paris :<\/p>\n<p><a href=\"https:\/\/ambparigi.esteri.it\/ambasciata_parigi\/it\/ambasciata\/news\/dall_ambasciata\/focus-coronavirus.html\">https:\/\/ambparigi.esteri.it\/ambasciata_parigi\/it\/ambasciata\/news\/dall_ambasciata\/focus-coronavirus.html<\/a><\/p>\n<p>Toutes les personnes en retour en Italie sont invit\u00e9es \u00e0 prendre connaissance des disposition en vigueur en ce moment<\/p>\n<p><a href=\"https:\/\/www.esteri.it\/mae\/it\/ministero\/normativaonline\/decreto-iorestoacasa-domande-frequenti\/focus-cittadini-italiani-in-rientro-dall-estero-e-cittadini-stranieri-in-italia.html\">https:\/\/www.esteri.it\/mae\/it\/ministero\/normativaonline\/decreto-iorestoacasa-domande-frequenti\/focus-cittadini-italiani-in-rientro-dall-estero-e-cittadini-stranieri-in-italia.html<\/a><\/p>\n<p>Les compatriotes qui sont d\u00e9j\u00e0 rentr\u00e9s en Italie avec d\u2019autres vols sont pri\u00e9s de le communiquer \u00e0 l\u2019Ambassade, en \u00e9crivant au mail suivant : <a href=\"mailto:ambasciata.dakar@esteri.it\">ambasciata.dakar@esteri.it<\/a><\/p>\n","protected":false},"excerpt":{"rendered":"Nous signalons qu\u2019Airfrance a pr\u00e9vu de nouveau vols de Dakar pour Paris, pour le 29 avril, le 6,6,11 et 13 mai. Tous les int\u00e9ress\u00e9s doivent prendre contact avec la compagnie pour v\u00e9rifier la disponibilit\u00e9 et acheter les billets. www.airfrance.sn +221338397777 (de 9h \u00e0 18h tous les jours) +221338397791 (de 9h \u00e0 114h et de 14h [&hellip;]","protected":false},"author":1,"featured_media":0,"comment_status":"","ping_status":"","sticky":false,"template":"","format":"standard","meta":{"footnotes":""},"tags":[],"class_list":["post-1724","post","type-post","status-publish","format-standard","hentry"],"_links":{"self":[{"href":"https:\/\/ambdakar.esteri.it\/fr\/wp-json\/wp\/v2\/posts\/1724","targetHints":{"allow":["GET"]}}],"collection":[{"href":"https:\/\/ambdakar.esteri.it\/fr\/wp-json\/wp\/v2\/posts"}],"about":[{"href":"https:\/\/ambdakar.esteri.it\/fr\/wp-json\/wp\/v2\/types\/post"}],"author":[{"embeddable":true,"href":"https:\/\/ambdakar.esteri.it\/fr\/wp-json\/wp\/v2\/users\/1"}],"replies":[{"embeddable":true,"href":"https:\/\/ambdakar.esteri.it\/fr\/wp-json\/wp\/v2\/comments?post=1724"}],"version-history":[{"count":0,"href":"https:\/\/ambdakar.esteri.it\/fr\/wp-json\/wp\/v2\/posts\/1724\/revisions"}],"wp:attachment":[{"href":"https:\/\/ambdakar.esteri.it\/fr\/wp-json\/wp\/v2\/media?parent=1724"}],"wp:term":[{"taxonomy":"post_tag","embeddable":true,"href":"https:\/\/ambdakar.esteri.it\/fr\/wp-json\/wp\/v2\/tags?post=1724"}],"curies":[{"name":"wp","href":"https:\/\/api.w.org\/{rel}","templated":true}]}}