{"id":1797,"date":"2020-03-12T10:17:29","date_gmt":"2020-03-12T10:17:29","guid":{"rendered":"https:\/\/ambdakar.esteri.it\/news\/dall_ambasciata\/2020\/03\/urgente-visti-d-ingresso-per-l-2\/"},"modified":"2020-03-12T10:17:29","modified_gmt":"2020-03-12T10:17:29","slug":"urgente-visti-d-ingresso-per-l-2","status":"publish","type":"post","link":"https:\/\/ambdakar.esteri.it\/fr\/news\/dall_ambasciata\/2020\/03\/urgente-visti-d-ingresso-per-l-2\/","title":{"rendered":"URGENT &#8211; VISAS D\u2019ENTREE POUR L\u2019ITALIE \u2013 COVID-19"},"content":{"rendered":"<p>En relation \u00e0 la diffusion du COVID-19, nous signalons que le Gouvernement italien, le 8 et le 9 mars dernier, a adopt\u00e9 des mesures urgentes pour la limitation du contagion le contraste au virus. Il s\u2019agit notamment de mesures restrictives de la libert\u00e9 de mouvement. Nous rappelons que ces mesures seront appliqu\u00e9es aux \u00e9trangers aussi, d\u00e8s qu\u2019ils rentrerons sur le territoire italien.<\/p>\n<p>Nous invitons, donc, les demandeurs des visas \u00e0 prendre vision des d\u00e9crets cit\u00e9s et de consulter les FAQ pour toute information additionnelle.<\/p>\n<p>DPCM 8 mars 2020 (<a href=\"resource\/resource\/2020\/03\/decreto_8_marzo.pdf\">italien <\/a>et <a href=\"resource\/resource\/2020\/03\/decreto_8_marzoeng.pdf\">anglais<\/a>)<\/p>\n<p>DPCM 9 mars (<a href=\"resource\/resource\/2020\/03\/decreto_9_marzo.pdf\">italien <\/a>et <a href=\"resource\/resource\/2020\/03\/decreto_9_marzoeng.pdf\">anglais<\/a>)<\/p>\n<p>FAQ en <a href=\"resource\/resource\/2020\/03\/faq_decreto_10_marzo_2020_francese.pdf\">fran\u00e7ais<\/a><\/p>\n","protected":false},"excerpt":{"rendered":"En relation \u00e0 la diffusion du COVID-19, nous signalons que le Gouvernement italien, le 8 et le 9 mars dernier, a adopt\u00e9 des mesures urgentes pour la limitation du contagion le contraste au virus. Il s\u2019agit notamment de mesures restrictives de la libert\u00e9 de mouvement. Nous rappelons que ces mesures seront appliqu\u00e9es aux \u00e9trangers aussi, [&hellip;]","protected":false},"author":1,"featured_media":0,"comment_status":"","ping_status":"","sticky":false,"template":"","format":"standard","meta":{"footnotes":""},"tags":[],"class_list":["post-1797","post","type-post","status-publish","format-standard","hentry"],"_links":{"self":[{"href":"https:\/\/ambdakar.esteri.it\/fr\/wp-json\/wp\/v2\/posts\/1797","targetHints":{"allow":["GET"]}}],"collection":[{"href":"https:\/\/ambdakar.esteri.it\/fr\/wp-json\/wp\/v2\/posts"}],"about":[{"href":"https:\/\/ambdakar.esteri.it\/fr\/wp-json\/wp\/v2\/types\/post"}],"author":[{"embeddable":true,"href":"https:\/\/ambdakar.esteri.it\/fr\/wp-json\/wp\/v2\/users\/1"}],"replies":[{"embeddable":true,"href":"https:\/\/ambdakar.esteri.it\/fr\/wp-json\/wp\/v2\/comments?post=1797"}],"version-history":[{"count":0,"href":"https:\/\/ambdakar.esteri.it\/fr\/wp-json\/wp\/v2\/posts\/1797\/revisions"}],"wp:attachment":[{"href":"https:\/\/ambdakar.esteri.it\/fr\/wp-json\/wp\/v2\/media?parent=1797"}],"wp:term":[{"taxonomy":"post_tag","embeddable":true,"href":"https:\/\/ambdakar.esteri.it\/fr\/wp-json\/wp\/v2\/tags?post=1797"}],"curies":[{"name":"wp","href":"https:\/\/api.w.org\/{rel}","templated":true}]}}