{"id":1803,"date":"2020-03-11T13:31:41","date_gmt":"2020-03-11T13:31:41","guid":{"rendered":"https:\/\/ambdakar.esteri.it\/news\/dall_ambasciata\/2020\/03\/informazioni-su-covid-19-2\/"},"modified":"2020-03-11T13:31:41","modified_gmt":"2020-03-11T13:31:41","slug":"informazioni-su-covid-19-2","status":"publish","type":"post","link":"https:\/\/ambdakar.esteri.it\/fr\/news\/dall_ambasciata\/2020\/03\/informazioni-su-covid-19-2\/","title":{"rendered":"INFORMATIONS SUR COVID-19"},"content":{"rendered":"<p>Relativement \u00e0 la diffusion du COVID-19 nous invitons les usagers \u00e0 :<\/p>\n<p>1. Consulter le site \u00ab Viaggiare Sicuri \u00bb du Minist\u00e8re des Affaires Etrang\u00e8res italien afin de v\u00e9rifier l\u2019existence d\u2019\u00e9ventuelles restrictions et contr\u00f4les adopt\u00e9s par les Pays d\u2019accr\u00e9ditation de cette Ambassade \u00e0 l\u2019entr\u00e9e sur leur propre territoire <a href=\"http:\/\/www.viaggiaresicuri.it\/\">http:\/\/www.viaggiaresicuri.it\/<\/a><\/p>\n<p>2. Consulter le site de la Protection Civile italienne qui indique les mesures adopt\u00e9es et actuellement en vigueur sur le territoire italien <a href=\"http:\/\/www.protezionecivile.gov.it\/home\">http:\/\/www.protezionecivile.gov.it\/home<\/a><\/p>\n<p>Relativement aux voyages en Italie :<\/p>\n<p>1.Les entr\u00e9es pour tourisme sont absolument \u00e0 \u00e9viter<\/p>\n<p>2. Les voyageurs sont invit\u00e9s \u00e0 se renseigner aupr\u00e8s de leur propre compagnie a\u00e9rienne relativement \u00e0 l\u2019op\u00e9rativit\u00e9 des vols, aux formes de remboursement en cas d\u2019annulation et \u00e0 l&rsquo;\u00e9ventuel itin\u00e9raire alternatif.<\/p>\n<p>3. Les r\u00e9sidents\/domicili\u00e9s en Italie (\u00e9trangers aussi), qui se trouvent \u00e0 l\u2019\u00e9tranger, peuvent \u2013 si les moyens de transport sont op\u00e9rationnels \u2013 rentrer o\u00f9 ils sont domicili\u00e9s, habitent ou r\u00e9sident<\/p>\n<p>4. Les r\u00e9sidents \u00e0 l\u2019\u00e9tranger (\u00e9trangers ou italiens), qui se trouvent en Italie, peuvent \u2013 si les moyens de transport sont op\u00e9rationnels \u2013 rentrer o\u00f9 ils sont domicili\u00e9s, habitent ou r\u00e9sident<\/p>\n<p>5. L\u2019entr\u00e9e et la sortie du territoire italien sont admises pour exigences de travail \u00e9prouv\u00e9es<\/p>\n<p>6. L\u2019arriv\u00e9e sur le territoire italien doit \u00eatre obligatoirement communiqu\u00e9e au D\u00e9partement de la Pr\u00e9vention de l\u2019Azienda sanitaria comp\u00e9tente, par ceux qui arrivent en Italie de zones \u00e0 risques \u00e9pid\u00e9miologique, telles que identifi\u00e9es par l\u2019OMS<\/p>\n","protected":false},"excerpt":{"rendered":"Relativement \u00e0 la diffusion du COVID-19 nous invitons les usagers \u00e0 : 1. Consulter le site \u00ab Viaggiare Sicuri \u00bb du Minist\u00e8re des Affaires Etrang\u00e8res italien afin de v\u00e9rifier l\u2019existence d\u2019\u00e9ventuelles restrictions et contr\u00f4les adopt\u00e9s par les Pays d\u2019accr\u00e9ditation de cette Ambassade \u00e0 l\u2019entr\u00e9e sur leur propre territoire http:\/\/www.viaggiaresicuri.it\/ 2. Consulter le site de la [&hellip;]","protected":false},"author":1,"featured_media":0,"comment_status":"","ping_status":"","sticky":false,"template":"","format":"standard","meta":{"footnotes":""},"tags":[],"class_list":["post-1803","post","type-post","status-publish","format-standard","hentry"],"_links":{"self":[{"href":"https:\/\/ambdakar.esteri.it\/fr\/wp-json\/wp\/v2\/posts\/1803","targetHints":{"allow":["GET"]}}],"collection":[{"href":"https:\/\/ambdakar.esteri.it\/fr\/wp-json\/wp\/v2\/posts"}],"about":[{"href":"https:\/\/ambdakar.esteri.it\/fr\/wp-json\/wp\/v2\/types\/post"}],"author":[{"embeddable":true,"href":"https:\/\/ambdakar.esteri.it\/fr\/wp-json\/wp\/v2\/users\/1"}],"replies":[{"embeddable":true,"href":"https:\/\/ambdakar.esteri.it\/fr\/wp-json\/wp\/v2\/comments?post=1803"}],"version-history":[{"count":0,"href":"https:\/\/ambdakar.esteri.it\/fr\/wp-json\/wp\/v2\/posts\/1803\/revisions"}],"wp:attachment":[{"href":"https:\/\/ambdakar.esteri.it\/fr\/wp-json\/wp\/v2\/media?parent=1803"}],"wp:term":[{"taxonomy":"post_tag","embeddable":true,"href":"https:\/\/ambdakar.esteri.it\/fr\/wp-json\/wp\/v2\/tags?post=1803"}],"curies":[{"name":"wp","href":"https:\/\/api.w.org\/{rel}","templated":true}]}}