{"id":1851,"date":"2019-11-25T18:22:59","date_gmt":"2019-11-25T18:22:59","guid":{"rendered":"https:\/\/ambdakar.esteri.it\/news\/dall_ambasciata\/2019\/11\/25-novembre-giornata-internazionale-2\/"},"modified":"2019-11-25T18:22:59","modified_gmt":"2019-11-25T18:22:59","slug":"25-novembre-giornata-internazionale-2","status":"publish","type":"post","link":"https:\/\/ambdakar.esteri.it\/fr\/news\/dall_ambasciata\/2019\/11\/25-novembre-giornata-internazionale-2\/","title":{"rendered":"25 NOVEMBRE &#8211; JOURN\u00c9E MONDIALE POUR L&rsquo;\u00c9LIMINATION DE LA VIOLENCE \u00c0 L&rsquo;\u00c9GARD DES FEMMES  #orangetheworld #GenerationEquality"},"content":{"rendered":"<p>L&rsquo;Italie r\u00e9affirme son engagement ferme en faveur<br \/>de la lutte contre toutes les formes de discrimination et de violence \u00e0<br \/>l&rsquo;\u00e9gard des femmes, qui ne cesse de constituer un obstacle grave et<br \/>inacceptable \u00e0 l&rsquo;exercice des droits des femmes et \u00e0 leur pleine<br \/>r\u00e9alisation personnelle. Il s&rsquo;agit d&rsquo;un engagement prioritaire de la<br \/>politique \u00e9trang\u00e8re de notre pays, que la Farnesina poursuit tant au<br \/>niveau diplomatique qu&rsquo;au niveau de la coop\u00e9ration pour le<br \/>d\u00e9veloppement. De nombreuses campagnes internationales, telles que<br \/>celles pour l&rsquo;\u00e9radication des mutilations g\u00e9nitales f\u00e9minines (MGF) et<br \/>les mariages pr\u00e9coces et forc\u00e9s, en sont une t\u00e9moignage, et ils montrent<br \/>comme l&rsquo;Italie est toujours en premi\u00e8re ligne.<\/p>\n<p>A l&rsquo;occasion de la Journ\u00e9e internationale pour<br \/>l&rsquo;\u00e9limination de la violence \u00e0 l&rsquo;\u00e9gard des femmes, la Farnesina et son<br \/>r\u00e9seau \u00e9tranger adh\u00e8rent \u00e0 la campagne de sensibilisation<br \/>#OrangetheWorld, promue par ONU Femmes, qui en 2019 est focalis\u00e9e sur la<br \/>lutte contre le viol, une forme de violence de genre particuli\u00e8rement<br \/>diffus\u00e9e, dont une femme sur trois dans le monde a \u00e9t\u00e9 victime dans sa<br \/>vie. La campagne sera \u00e9galement associ\u00e9e au hashtag #GenerationEquality<br \/>qui, rappelant le 25e anniversaire de la D\u00e9claration de Beijing sur les<br \/>femmes, invite chacun \u00e0 prendre de nouvelles mesures significatives en<br \/>direction de l&rsquo;\u00e9galit\u00e9 des sexes : un objectif qu&rsquo;aucun pays du monde a<br \/>atteint jusqu&rsquo;\u00e0 aujourd&rsquo;hui.<\/p>\n<p>Approfondissement &#8211; L&rsquo;engagement de l&rsquo;Italie en faveur de l&rsquo;\u00e9limination de la violence sexiste<\/p>\n<p>L&rsquo;Italie s&#8217;emploie activement \u00e0 promouvoir les<br \/>droits des femmes et des jeunes filles, dans ses relations bilat\u00e9rales<br \/>avec d&rsquo;autres \u00c9tats, dans les organisations internationales et dans les<br \/>programmes de coop\u00e9ration pour le d\u00e9veloppement, en vue de la pleine<br \/>r\u00e9alisation de l&rsquo;objectif de d\u00e9veloppement durable SDG 5 d&rsquo;Action 2030.<br \/>La pr\u00e9vention et la lutte contre toutes les formes de violence \u00e0 l&rsquo;\u00e9gard<br \/>des femmes est \u00e9galement l&rsquo;une des priorit\u00e9s du mandat actuel de<br \/>l&rsquo;Italie au sein du Conseil des droits de l&rsquo;homme des Nations Unies<br \/>(2019-2021).<\/p>\n<p>Ces derniers jours, au Sommet de Nairobi, \u00e0<br \/>l&rsquo;occasion du 25e anniversaire de la Conf\u00e9rence Internationale sur la<br \/>Population et le D\u00e9veloppement (CIPD), l&rsquo;Italie a annonc\u00e9 de nouveaux<br \/>engagements dans des domaines qui ont toujours \u00e9t\u00e9 prioritaires, comme<br \/>la lutte contre des pratiques gravement dangereuses y compris les<br \/>mutilations g\u00e9nitales f\u00e9minines et les mariages pr\u00e9coces et forc\u00e9s, qui<br \/>compromettent la sant\u00e9 physique et mentale des femmes et des jeunes<br \/>filles, ainsi qu\u2019en faveur de la r\u00e9duction de la mortalit\u00e9 maternelle et<br \/>l&rsquo;\u00e9mancipation des jeunes femmes en mati\u00e8re de sant\u00e9 sexuelle et<br \/>reproductive. Le Plan strat\u00e9gique national contre la violence masculine \u00e0<br \/>l&rsquo;\u00e9gard des femmes 2017-2020, qui met en \u0153uvre la Convention d&rsquo;Istanbul<br \/>sur la violence \u00e0 l&rsquo;\u00e9gard des femmes et la violence familiale, comprend<br \/>\u00e9galement des engagements importants pour prot\u00e9ger les femmes et les<br \/>jeunes filles.<\/p>\n<p>L&rsquo;Italie soutient \u00e9galement les initiatives<br \/>internationales visant \u00e0 pr\u00e9venir et \u00e0 combattre la violence sexuelle et<br \/>sexiste dans les situations de conflit et d&rsquo;urgence (y compris l&rsquo;Appel \u00e0<br \/>l&rsquo;action pour la protection contre la violence sexiste dans les<br \/>situations d&rsquo;urgence), ainsi que dans la coop\u00e9ration pour le<br \/>d\u00e9veloppement et l&rsquo;aide humanitaire (par exemple, la recommandation du<br \/>CAD de l&rsquo;OCDE cette ann\u00e9e). L&rsquo;Italie s&rsquo;est depuis longtemps engag\u00e9e \u00e0<br \/>promouvoir une politique de tol\u00e9rance z\u00e9ro \u00e0 l&rsquo;\u00e9gard des abus et de<br \/>l&rsquo;exploitation sexuels commis par le personnel militaire et civil<br \/>participant dans les missions de maintien de la paix des Nations Unies.<\/p>\n<p>____<\/p>\n<p>Ci-dessous le lien au communiqu\u00e9 officiel:<\/p>\n<p><a href=\"https:\/\/www.esteri.it\/mae\/it\/sala_stampa\/archivionotizie\/comunicati\/2019\/11\/25-novembre-giornata-internazionale-per-l-eliminazione-della-violenza-contro-le-donne.html\">https:\/\/www.esteri.it\/mae\/it\/sala_stampa\/archivionotizie\/comunicati\/2019\/11\/25-novembre-giornata-internazionale-per-l-eliminazione-della-violenza-contro-le-donne.html<\/a><\/p>\n","protected":false},"excerpt":{"rendered":"L&rsquo;Italie r\u00e9affirme son engagement ferme en faveurde la lutte contre toutes les formes de discrimination et de violence \u00e0l&rsquo;\u00e9gard des femmes, qui ne cesse de constituer un obstacle grave etinacceptable \u00e0 l&rsquo;exercice des droits des femmes et \u00e0 leur pleiner\u00e9alisation personnelle. Il s&rsquo;agit d&rsquo;un engagement prioritaire de lapolitique \u00e9trang\u00e8re de notre pays, que la Farnesina [&hellip;]","protected":false},"author":1,"featured_media":0,"comment_status":"","ping_status":"","sticky":false,"template":"","format":"standard","meta":{"footnotes":""},"tags":[],"class_list":["post-1851","post","type-post","status-publish","format-standard","hentry"],"_links":{"self":[{"href":"https:\/\/ambdakar.esteri.it\/fr\/wp-json\/wp\/v2\/posts\/1851","targetHints":{"allow":["GET"]}}],"collection":[{"href":"https:\/\/ambdakar.esteri.it\/fr\/wp-json\/wp\/v2\/posts"}],"about":[{"href":"https:\/\/ambdakar.esteri.it\/fr\/wp-json\/wp\/v2\/types\/post"}],"author":[{"embeddable":true,"href":"https:\/\/ambdakar.esteri.it\/fr\/wp-json\/wp\/v2\/users\/1"}],"replies":[{"embeddable":true,"href":"https:\/\/ambdakar.esteri.it\/fr\/wp-json\/wp\/v2\/comments?post=1851"}],"version-history":[{"count":0,"href":"https:\/\/ambdakar.esteri.it\/fr\/wp-json\/wp\/v2\/posts\/1851\/revisions"}],"wp:attachment":[{"href":"https:\/\/ambdakar.esteri.it\/fr\/wp-json\/wp\/v2\/media?parent=1851"}],"wp:term":[{"taxonomy":"post_tag","embeddable":true,"href":"https:\/\/ambdakar.esteri.it\/fr\/wp-json\/wp\/v2\/tags?post=1851"}],"curies":[{"name":"wp","href":"https:\/\/api.w.org\/{rel}","templated":true}]}}