{"id":1951,"date":"2018-11-21T14:19:09","date_gmt":"2018-11-21T14:19:09","guid":{"rendered":"https:\/\/ambdakar.esteri.it\/news\/dall_ambasciata\/2018\/11\/portale-di-accreditamento-per-i-2\/"},"modified":"2018-11-21T14:19:09","modified_gmt":"2018-11-21T14:19:09","slug":"portale-di-accreditamento-per-i-2","status":"publish","type":"post","link":"https:\/\/ambdakar.esteri.it\/fr\/news\/dall_ambasciata\/2018\/11\/portale-di-accreditamento-per-i-2\/","title":{"rendered":"PORTAIL D\u2019ACCREDITATION POUR LES MEDIA ITALIENS ET ETRANGERS"},"content":{"rendered":"<p>Le nouveau Portail d\u2019accr\u00e9ditation du Minist\u00e8re des Affaires Etrang\u00e8res et de la Coop\u00e9ration Internationale pour les media italiens et \u00e9trangers est en ligne.<br \/>L\u2019enregistrement au portail est n\u00e9cessaire pour tous les journalistes employ\u00e9s par des organes de presse \u00e9trangers envoy\u00e9s en tant que correspondants accr\u00e9dit\u00e9s en Italie, qui veulent obtenir un visa pour travail salari\u00e9 et un permis de s\u00e9jour aussi bien que pour tous les journalistes (italiens et \u00e9trang\u00e8res) int\u00e9ress\u00e9s \u00e0 participer \u00e0 des \u00e9v\u00e9nements sp\u00e9cifiques organis\u00e9s par le MAECI.<\/p>\n<p>Disponible en anglais et en italien, le nouveau portail se caract\u00e9rise pour la facilit\u00e9 d\u2019acc\u00e8s et d\u2019utilisation et pour la gestion plus rapide et efficace des proc\u00e9dures d\u2019accr\u00e9ditation.<\/p>\n<p>Lien au nouveau Portail : https:\/\/portaleaccreditamento.esteri.it\/<\/p>\n","protected":false},"excerpt":{"rendered":"Le nouveau Portail d\u2019accr\u00e9ditation du Minist\u00e8re des Affaires Etrang\u00e8res et de la Coop\u00e9ration Internationale pour les media italiens et \u00e9trangers est en ligne.L\u2019enregistrement au portail est n\u00e9cessaire pour tous les journalistes employ\u00e9s par des organes de presse \u00e9trangers envoy\u00e9s en tant que correspondants accr\u00e9dit\u00e9s en Italie, qui veulent obtenir un visa pour travail salari\u00e9 et [&hellip;]","protected":false},"author":1,"featured_media":0,"comment_status":"","ping_status":"","sticky":false,"template":"","format":"standard","meta":{"footnotes":""},"tags":[],"class_list":["post-1951","post","type-post","status-publish","format-standard","hentry"],"_links":{"self":[{"href":"https:\/\/ambdakar.esteri.it\/fr\/wp-json\/wp\/v2\/posts\/1951","targetHints":{"allow":["GET"]}}],"collection":[{"href":"https:\/\/ambdakar.esteri.it\/fr\/wp-json\/wp\/v2\/posts"}],"about":[{"href":"https:\/\/ambdakar.esteri.it\/fr\/wp-json\/wp\/v2\/types\/post"}],"author":[{"embeddable":true,"href":"https:\/\/ambdakar.esteri.it\/fr\/wp-json\/wp\/v2\/users\/1"}],"replies":[{"embeddable":true,"href":"https:\/\/ambdakar.esteri.it\/fr\/wp-json\/wp\/v2\/comments?post=1951"}],"version-history":[{"count":0,"href":"https:\/\/ambdakar.esteri.it\/fr\/wp-json\/wp\/v2\/posts\/1951\/revisions"}],"wp:attachment":[{"href":"https:\/\/ambdakar.esteri.it\/fr\/wp-json\/wp\/v2\/media?parent=1951"}],"wp:term":[{"taxonomy":"post_tag","embeddable":true,"href":"https:\/\/ambdakar.esteri.it\/fr\/wp-json\/wp\/v2\/tags?post=1951"}],"curies":[{"name":"wp","href":"https:\/\/api.w.org\/{rel}","templated":true}]}}