{"id":2076,"date":"2018-03-08T15:51:30","date_gmt":"2018-03-08T15:51:30","guid":{"rendered":"https:\/\/ambdakar.esteri.it\/news\/dall_ambasciata\/2018\/03\/l-ambasciata-d-italia-a-dakar-formula-2\/"},"modified":"2018-03-08T15:51:30","modified_gmt":"2018-03-08T15:51:30","slug":"l-ambasciata-d-italia-a-dakar-formula-2","status":"publish","type":"post","link":"https:\/\/ambdakar.esteri.it\/fr\/news\/dall_ambasciata\/2018\/03\/l-ambasciata-d-italia-a-dakar-formula-2\/","title":{"rendered":"L&rsquo;Ambassade d&rsquo;Italie \u00e0 Dakar pr\u00e9sente ses plus sinc\u00e8res condol\u00e9ances \u00e0 la famille d&rsquo;Idy Diene, citoyen s\u00e9n\u00e9galais qui a \u00e9t\u00e9 tragiquement tu\u00e9 dans un geste fou \u00e0 Florence le 5 mars dernier."},"content":{"rendered":"<p><a href=\"resource\/doc\/2018\/03\/pubblicazioni_in_francese__delle_condoglianze_a_fam._idy_diene_in_fra_x_html.doc\">L&rsquo;Ambassade d&rsquo;Italie \u00e0 Dakar pr\u00e9sente ses plus sinc\u00e8res condol\u00e9ances \u00e0 la<\/a><br \/><a href=\"resource\/doc\/2018\/03\/pubblicazioni_in_francese__delle_condoglianze_a_fam._idy_diene_in_fra_x_html.doc\">famille d&rsquo;Idy Diene, citoyen s\u00e9n\u00e9galais qui a \u00e9t\u00e9 un r\u00e9sident r\u00e9gulier pendant<\/a><br \/><a href=\"resource\/doc\/2018\/03\/pubblicazioni_in_francese__delle_condoglianze_a_fam._idy_diene_in_fra_x_html.doc\">des ann\u00e9es en Italie et qui a \u00e9t\u00e9 tragiquement tu\u00e9 dans un geste fou \u00e0 Florence<\/a><br \/><a href=\"resource\/doc\/2018\/03\/pubblicazioni_in_francese__delle_condoglianze_a_fam._idy_diene_in_fra_x_html.doc\">le 5 mars dernier.<\/a><\/p>\n<p><a href=\"resource\/doc\/2018\/03\/pubblicazioni_in_francese__delle_condoglianze_a_fam._idy_diene_in_fra_x_html.doc\">Il s\u2019agit d\u2019un \u00e9pisode tragique mais tout \u00e0 fait isol\u00e9, qui n&rsquo;est pas destin\u00e9 \u00e0<\/a><br \/><a href=\"resource\/doc\/2018\/03\/pubblicazioni_in_francese__delle_condoglianze_a_fam._idy_diene_in_fra_x_html.doc\">affecter les sentiments d&rsquo;ouverture, d&rsquo;accueil et de solidarit\u00e9 du peuple et de<\/a><br \/><a href=\"resource\/doc\/2018\/03\/pubblicazioni_in_francese__delle_condoglianze_a_fam._idy_diene_in_fra_x_html.doc\">la soci\u00e9t\u00e9 italienne.<\/a><\/p>\n<p><a href=\"resource\/doc\/2018\/03\/pubblicazioni_in_francese__delle_condoglianze_a_fam._idy_diene_in_fra_x_html.doc\">L\u2019Ambassade exprime \u00e9galement une forte solidarit\u00e9 avec la<\/a><br \/><a href=\"resource\/doc\/2018\/03\/pubblicazioni_in_francese__delle_condoglianze_a_fam._idy_diene_in_fra_x_html.doc\">communaut\u00e9 s\u00e9n\u00e9galaise en Toscane, l&rsquo;une des plus nombreuses et mieux int\u00e9gr\u00e9es<\/a><br \/><a href=\"resource\/doc\/2018\/03\/pubblicazioni_in_francese__delle_condoglianze_a_fam._idy_diene_in_fra_x_html.doc\">dans le tissu \u00e9conomique et social de cette r\u00e9gion. Elle appr\u00e9cie le sens de<\/a><br \/><a href=\"resource\/doc\/2018\/03\/pubblicazioni_in_francese__delle_condoglianze_a_fam._idy_diene_in_fra_x_html.doc\">responsabilit\u00e9 des dirigeants de la diaspora s\u00e9n\u00e9galaise en Toscane par rapport<\/a><br \/><a href=\"resource\/doc\/2018\/03\/pubblicazioni_in_francese__delle_condoglianze_a_fam._idy_diene_in_fra_x_html.doc\">aux r\u00e9actions parfois violentes qui ont suivi la mort de Idy Diene.<\/a><\/p>\n<p><a href=\"resource\/doc\/2018\/03\/pubblicazioni_in_francese__delle_condoglianze_a_fam._idy_diene_in_fra_x_html.doc\">L&rsquo;Ambassade est certaine, enfin, que lors de leur<\/a><br \/><a href=\"resource\/doc\/2018\/03\/pubblicazioni_in_francese__delle_condoglianze_a_fam._idy_diene_in_fra_x_html.doc\">rencontre d&rsquo;aujourd&rsquo;hui \u00e0 Florence le Maire de la ville, Dario Nardella, saura<\/a><br \/><a href=\"resource\/doc\/2018\/03\/pubblicazioni_in_francese__delle_condoglianze_a_fam._idy_diene_in_fra_x_html.doc\">interpr\u00e9ter ces sentiments avec l&rsquo;Ambassadeur du S\u00e9n\u00e9gal en Italie, Mamadou<\/a><br \/><a href=\"resource\/doc\/2018\/03\/pubblicazioni_in_francese__delle_condoglianze_a_fam._idy_diene_in_fra_x_html.doc\">Saliou Diouf.<\/a><\/p>\n<p><a href=\"resource\/doc\/2018\/03\/pubblicazioni_in_francese__delle_condoglianze_a_fam._idy_diene_in_fra_x_html.doc\">Dakar, le 8 mars 2018<\/a><\/p>\n<p><a href=\"resource\/doc\/2018\/03\/pubblicazioni_in_francese__delle_condoglianze_a_fam._idy_diene_in_fra_x_html.doc\">______________________<\/a><\/p>\n","protected":false},"excerpt":{"rendered":"L&rsquo;Ambassade d&rsquo;Italie \u00e0 Dakar pr\u00e9sente ses plus sinc\u00e8res condol\u00e9ances \u00e0 lafamille d&rsquo;Idy Diene, citoyen s\u00e9n\u00e9galais qui a \u00e9t\u00e9 un r\u00e9sident r\u00e9gulier pendantdes ann\u00e9es en Italie et qui a \u00e9t\u00e9 tragiquement tu\u00e9 dans un geste fou \u00e0 Florencele 5 mars dernier. Il s\u2019agit d\u2019un \u00e9pisode tragique mais tout \u00e0 fait isol\u00e9, qui n&rsquo;est pas destin\u00e9 \u00e0affecter [&hellip;]","protected":false},"author":1,"featured_media":0,"comment_status":"","ping_status":"","sticky":false,"template":"","format":"standard","meta":{"footnotes":""},"tags":[],"class_list":["post-2076","post","type-post","status-publish","format-standard","hentry"],"_links":{"self":[{"href":"https:\/\/ambdakar.esteri.it\/fr\/wp-json\/wp\/v2\/posts\/2076","targetHints":{"allow":["GET"]}}],"collection":[{"href":"https:\/\/ambdakar.esteri.it\/fr\/wp-json\/wp\/v2\/posts"}],"about":[{"href":"https:\/\/ambdakar.esteri.it\/fr\/wp-json\/wp\/v2\/types\/post"}],"author":[{"embeddable":true,"href":"https:\/\/ambdakar.esteri.it\/fr\/wp-json\/wp\/v2\/users\/1"}],"replies":[{"embeddable":true,"href":"https:\/\/ambdakar.esteri.it\/fr\/wp-json\/wp\/v2\/comments?post=2076"}],"version-history":[{"count":0,"href":"https:\/\/ambdakar.esteri.it\/fr\/wp-json\/wp\/v2\/posts\/2076\/revisions"}],"wp:attachment":[{"href":"https:\/\/ambdakar.esteri.it\/fr\/wp-json\/wp\/v2\/media?parent=2076"}],"wp:term":[{"taxonomy":"post_tag","embeddable":true,"href":"https:\/\/ambdakar.esteri.it\/fr\/wp-json\/wp\/v2\/tags?post=2076"}],"curies":[{"name":"wp","href":"https:\/\/api.w.org\/{rel}","templated":true}]}}