{"id":1215,"date":"2023-07-28T15:06:46","date_gmt":"2023-07-28T15:06:46","guid":{"rendered":"https:\/\/ambdakar.esteri.it\/news\/dall_ambasciata\/2023\/07\/nave-vespucci-a-dakar-attivita\/"},"modified":"2023-07-28T15:06:46","modified_gmt":"2023-07-28T15:06:46","slug":"nave-vespucci-a-dakar-attivita","status":"publish","type":"post","link":"https:\/\/ambdakar.esteri.it\/it\/news\/dall_ambasciata\/2023\/07\/nave-vespucci-a-dakar-attivita\/","title":{"rendered":"NAVE VESPUCCI A DAKAR. ATTIVITA\u2019 DI DIPLOMAZIA CON LE AUTORITA\u2019 LOCALI E OPPORTUNITA\u2019 PER LA COMUNITA\u2019 ITALIANA (29 LUGLIO-1 AGOSTO 2023)"},"content":{"rendered":"<p><em>ITA<\/em><\/p>\n<p><em>Dakar, 28 luglio 2023.<\/em> L\u2019Ambasciata d\u2019Italia \u00e8 lieta di annunciare che la Nave Scuola della Marina Militare italiana \u201cAmerigo Vespucci\u201d soster\u00e0 al Porto di Dakar dal 29 luglio al 1 agosto nell\u2019ambito del tour mondiale avviato a Genova e che si concluder\u00e0 nel 2025.<\/p>\n<p>Scelto in virt\u00f9 della collaborazione privilegiata con l\u2019Italia e della posizione strategica in Africa occidentale, lo scalo a Dakar sar\u00e0 l\u2019unico in Africa subsahariana. L\u2019Ambasciata ha in tal senso promosso un programma di diplomazia marittima e scientifica in raccordo con il Ministero degli Affari Esteri e della Cooperazione Internazionale e con l\u2019Addettanza Militare a Rabat. Nel segno della sua tradizione quasi secolare e del crescente impegno nella protezione dell\u2019ambiente, con questa campagna intorno al mondo Nave Vespucci diffonde valori di pace e\u00a0sicurezza in mare attraverso il dialogo, oltre a mobilitare gli sforzi per preservare l\u2019ecosistema marino e perseguire uno sviluppo sostenibile.<\/p>\n<p>Nella giornata di domenica 30 luglio, grazie alla collaborazione delle Autorit\u00e0 senegalesi, un gruppo di cadetti della Marina Militare senegalese visiter\u00e0 il Vespucci, scambiando con l\u2019equipaggio sulle tecniche e i metodi di navigazione impiegati a bordo. Dato il crescente interesse fra i giovani senegalesi verso l\u2019apprendimento dell\u2019italiano, l\u2019Ambasciata dar\u00e0 inoltre la possibilit\u00e0 ad un nutrito gruppo di studenti del Liceo di Thi\u00e8s e dell\u2019Universit\u00e0 di Dakar di salire a bordo. Con l\u2019occasione, verr\u00e0 proiettato il video promozionale \u201cSiamo Mare\u201d curato dal Professor Danovaro dell\u2019Universit\u00e0 Politecnica delle Marche con il supporto del Ministero degli Affari Esteri e della Cooperazione internazionale. Sempre nella mattinata di domenica la comunit\u00e0 italiana potr\u00e0 assistere alla Santa Messa a bordo, celebrata dal Nunzio Apostolico di Dakar insieme al cappellano di bordo di Nave Vespucci.<\/p>\n<p>Fra gli appuntamenti di spicco durante la tappa a Dakar, nella mattinata di luned\u00ec 31 luglio si terr\u00e0 una conferenza scientifica sulla gestione sostenibile delle risorse marine. Vi prenderanno parte il Professore di ecologia marina, Paolo Galli, dell\u2019Universit\u00e0 Milano Bicocca, in Senegal grazie al supporto dell\u2019Ambasciata d\u2019Italia, e la dottoressa Anna Muratore che sta realizzando il progetto \u201cSeA Care\u201d dell\u2019Istituto Superiore di Sanit\u00e0, che prevede il prelievo e l\u2019analisi di campioni di acque marine al largo delle coste del Senegal. Da parte senegalese, daranno il loro contributo esperti dell\u2019Universit\u00e0 di Dakar (Istituto Universitario di Pesca e Acquacultura, Facolt\u00e0 di Scienze Giuridiche) e della Marina Militare.<\/p>\n<p>Nella splendida cornice di Nave Vespucci, verr\u00e0 altres\u00ec conferita l\u2019onorificenza dell\u2019ordine \u201cAl Merito della Repubblica Italiana\u201d al Professor Umberto D\u2019Alessandro, da anni direttore del Medical Research Council Unit a Banjul, in Gambia, istituto di ricerca specializzato nella prevenzione delle malattie infettive. Oltre ad aver conseguito lusinghieri risultati nella lotta contro la malaria, durante la sua lunga carriera il Professor D\u2019Alessandro ha collaborato con l\u2019Istituto Superiore di Sanit\u00e0, lo Spallanzani di Roma e il Politecnico di Milano.<\/p>\n<p>Nave Vespucci, connubio perfetto di bellezza e innovazione, porter\u00e0 in giro per il mondo l\u2019italianit\u00e0, le nostre tradizioni e il nostro impegno per il dialogo e la sostenibilit\u00e0. Ed \u00e8 sotto questo profilo che verr\u00e0 dato risalto alla candidatura di Roma EXPO 2030 nei contatti e nelle occasioni d\u2019incontro con le Autorit\u00e0 locali durante lo scalo.<\/p>\n<p>Nave Vespucci sar\u00e0 aperta per visite della comunit\u00e0 italiana e senegalese nei pomeriggi di sabato 29 luglio e domenica 30 luglio, su prenotazione. Il programma della sosta verr\u00e0 illustrato durante una conferenza stampa a bordo il sabato 29 luglio.<\/p>\n<p>\u00a0<\/p>\n<p>\u00a0<\/p>\n<p><em>FRA<\/em><\/p>\n<p><strong>ESCALE A DAKAR DU NAVIRE \u00ab AMERIGO VESPUCCI \u00bb. L\u2019ETAPE AU S\u00c9N\u00c9GAL SYMBOLE DE POSITION STRATEGIQUE ET D\u2019UNE COLLABORATION EXEMPLAIRE AVEC L\u2019ITALIE (29 juillet &#8211; 1er ao\u00fbt 2023)<\/strong><\/p>\n<p><em>Dakar, le 28 juillet 2023<\/em>. L\u2019Ambassade d\u2019Italie \u00e0 Dakar a le plaisir d\u2019annoncer que le navire \u00e9cole de la Marine Militaire italienne &#8220;Amerigo Vespucci&#8221; s\u2019accostera au Port de Dakar du 29 juillet au 1 ao\u00fbt. Une trentaine de Pays et autant de ports parmi les plus connus ont \u00e9t\u00e9 choisis pour cette campagne autour du monde, entam\u00e9e \u00e0 G\u00eanes (Italie) le mois dernier et qui terminera en 2025.<\/p>\n<p>En vertu d\u2019une collaboration exemplaire avec l\u2019Italie et de sa position strat\u00e9gique en Afrique occidentale, le S\u00e9n\u00e9gal sera la seule escale en Afrique subsaharienne. A cet \u00e9gard l\u2019Ambassade organise un programme de diplomatie maritime et scientifique avec l\u2019appui des Autorit\u00e9s s\u00e9n\u00e9galaises. Sous le signe de sa tradition maritime et de l\u2019attention \u00e0 la protection de l\u2019environnement, le navire Vespucci diffusera dans le monde les valeurs de paix et s\u00e9curit\u00e9 en mer \u00e0 travers le dialogue ainsi que la mobilisation des efforts pour la conservation de l\u2019\u00e9cosyst\u00e8me maritime et le d\u00e9veloppement durable.<\/p>\n<p>Gr\u00e2ce \u00e0 la collaboration offerte par les Autorit\u00e9s s\u00e9n\u00e9galaises, un groupe de cadets de la Marine Nationale visitera le Vespucci dimanche 30 juillet, \u00e9changeant avec l\u2019\u00e9quipage sur les techniques et les m\u00e9thodes de navigation. Compte tenu de l\u2019int\u00e9r\u00eat croissant des jeunes s\u00e9n\u00e9galais pour la langue italienne, l\u2019Ambassade donnera \u00e9galement la possibilit\u00e9 aux \u00e9tudiants du Lyc\u00e9e de Thi\u00e8s et de l\u2019Universit\u00e9 Cheikh Anta Diop de Dakar (UCAD) de monter \u00e0 bord. Ce m\u00eame dimanche, une Messe sera c\u00e9l\u00e9br\u00e9e par le Nonce Apostolique S.E. Waldemar S. Sommertag et le Chapelain du navire Vespucci \u00e0 la faveur de la communaut\u00e9 catholique et des italiens du S\u00e9n\u00e9gal.<\/p>\n<p>Parmi les rendez-vous marquants de cette \u00e9tape \u00e0 Dakar, une conf\u00e9rence scientifique sur la gestion durable des ressources marines aura lieu dans la matin\u00e9e du lundi 31 juillet. Plusieurs interventions sont pr\u00e9vues : M. Paolo Galli, Professeur d\u2019\u00e9cologie marine \u00e0 l\u2019Universit\u00e9 Milano Bicocca, la chercheuse Anna Muratore qui effectue une recherche \u00e0 partir de pr\u00e9l\u00e8vements d\u2019eaux marines au large des c\u00f4tes dans le cadre d\u2019un projet de l\u2019Institut Sup\u00e9rieur de Sant\u00e9 italien. Des experts de l\u2019UCAD (Institut universitaire de p\u00eache et d\u2019aquaculture, Facult\u00e9 des sciences juridiques) et de la Marine Nationale S\u00e9n\u00e9galaise vont apporter leurs contributions sur des th\u00e8mes comme la pollution marine, la protection de l\u2019environnement et des ressources marines.<\/p>\n<p>Dans le cadre magnifique de Navire Vespucci, l\u2019Ambassadeur De Vito remettra une haute d\u00e9coration de la R\u00e9publique Italienne au Professeur Umberto D\u2019Alessandro, Directeur de la Medical Research Council Unit \u00e0 Banjul, en Gambie, Institut de recherche d\u2019excellence en Afrique occidentale tr\u00e8s r\u00e9put\u00e9 pour ses activit\u00e9s dans la pr\u00e9vention des maladies infectieuses et la lutte contre le paludisme.<\/p>\n<p>Le navire Vespucci portera autour du monde le traditionnel engagement de l\u2019Italie en faveur du dialogue, de la collaboration multilat\u00e9rale et du d\u00e9veloppement durable, qui sont \u00e0 la base du dossier de candidature de Rome pour l\u2019EXPO Universelle 2030.<\/p>\n<p>Le navire Vespucci sera ouvert aux visites du public l\u2019apr\u00e8s-midi du samedi 29 juillet et le dimanche 30 juillet, sur r\u00e9servation. <span style=\"text-decoration: underline;\">Le programme sera pr\u00e9sent\u00e9 lors d\u2019une conf\u00e9rence de presse \u00e0 bord le samedi 29 juillet \u00e0 14h.<\/span><\/p>\n<p>\u00a0<\/p>\n","protected":false},"excerpt":{"rendered":"ITA Dakar, 28 luglio 2023. L\u2019Ambasciata d\u2019Italia \u00e8 lieta di annunciare che la Nave Scuola della Marina Militare italiana \u201cAmerigo Vespucci\u201d soster\u00e0 al Porto di Dakar dal 29 luglio al 1 agosto nell\u2019ambito del tour mondiale avviato a Genova e che si concluder\u00e0 nel 2025. Scelto in virt\u00f9 della collaborazione privilegiata con l\u2019Italia e della [&hellip;]","protected":false},"author":1,"featured_media":0,"comment_status":"","ping_status":"","sticky":false,"template":"","format":"standard","meta":{"footnotes":""},"tags":[],"class_list":["post-1215","post","type-post","status-publish","format-standard","hentry"],"_links":{"self":[{"href":"https:\/\/ambdakar.esteri.it\/it\/wp-json\/wp\/v2\/posts\/1215","targetHints":{"allow":["GET"]}}],"collection":[{"href":"https:\/\/ambdakar.esteri.it\/it\/wp-json\/wp\/v2\/posts"}],"about":[{"href":"https:\/\/ambdakar.esteri.it\/it\/wp-json\/wp\/v2\/types\/post"}],"author":[{"embeddable":true,"href":"https:\/\/ambdakar.esteri.it\/it\/wp-json\/wp\/v2\/users\/1"}],"replies":[{"embeddable":true,"href":"https:\/\/ambdakar.esteri.it\/it\/wp-json\/wp\/v2\/comments?post=1215"}],"version-history":[{"count":0,"href":"https:\/\/ambdakar.esteri.it\/it\/wp-json\/wp\/v2\/posts\/1215\/revisions"}],"wp:attachment":[{"href":"https:\/\/ambdakar.esteri.it\/it\/wp-json\/wp\/v2\/media?parent=1215"}],"wp:term":[{"taxonomy":"post_tag","embeddable":true,"href":"https:\/\/ambdakar.esteri.it\/it\/wp-json\/wp\/v2\/tags?post=1215"}],"curies":[{"name":"wp","href":"https:\/\/api.w.org\/{rel}","templated":true}]}}