{"id":1291,"date":"2023-02-24T11:25:07","date_gmt":"2023-02-24T11:25:07","guid":{"rendered":"https:\/\/ambdakar.esteri.it\/news\/dall_ambasciata\/2023\/02\/comunicato-stampa-senegal-italia\/"},"modified":"2023-02-24T11:25:07","modified_gmt":"2023-02-24T11:25:07","slug":"comunicato-stampa-senegal-italia","status":"publish","type":"post","link":"https:\/\/ambdakar.esteri.it\/it\/news\/dall_ambasciata\/2023\/02\/comunicato-stampa-senegal-italia\/","title":{"rendered":"COMUNICATO STAMPA. SENEGAL. Italia ospite d\u2019onore alla Fiera SENCON, Salone Internazionale della Costruzione, della Finitura e dell\u2019Infrastruttura di Dakar"},"content":{"rendered":"<p><em>Dakar, 23 febbraio 2023<\/em>. L\u2019Ambasciatore d\u2019Italia a Dakar, Giovanni Umberto De Vito, ha accompagnato oggi i Ministri del Commercio, Abdou Karim Fofana, e dell\u2019Urbanismo e dell\u2019Edilizia, Abdoulaye Saydou Sow, all\u2019inaugurazione della <strong>Fiera delle Costruzioni SENCON 2023<\/strong> in corso dal 23 al 25 febbraio, presso il Centro delle Esposizioni di Dakar\/Diamniadio (C.I.C.A.D).<\/p>\n<p>Nel visitare gli stand e nell\u2019incontrare i titolari delle aziende italiane, l\u2019Ambasciatore De Vito ha dichiarato: \u201c<em>Apprezzo molto la decisione degli organizzatori di designare l\u2019Italia come <strong>Paese ospite d\u2019onore<\/strong> della corrente edizione. Siamo del resto fra i leader mondiali nel settore delle costruzioni e le quasi 30 PMI presenti al Salone offrono una valida illustrazione della nostra capacit\u00e0 di coniugare qualit\u00e0, efficienza e sostenibilit\u00e0 nelle soluzioni per l\u2019edilizia, in una realt\u00e0 dinamica come il Senegal dove tale settore presenta significative prospettive di crescita<\/em>\u201d.<\/p>\n<p>Grazie al supporto di ICE\/Agenzia per la promozione e l\u2019internazionalizzazione delle imprese italiane \u2013 Ufficio di Casablanca, e alla collaborazione dell\u2019Ambasciata d\u2019Italia a Dakar, il <strong>Padiglione Italia<\/strong> consente agli imprenditori italiani di incontrare imprese e distributori senegalesi per far conoscere le eccellenze italiane nell\u2019edilizia, nell\u2019architettura e nella finitura di alta gamma.<\/p>\n<p>Giunto all\u2019ottava edizione, SENCON \u00e8 tra i pi\u00f9 importanti saloni professionali per materiali e macchinari da costruzione dell\u2019Africa occidentale. L\u2019appuntamento riunisce imprenditori, architetti, ingegneri e distributori provenienti da Africa, Europa e Medio-oriente, un\u2019opportunit\u00e0 per esaminare le tendenze nel settore dell\u2019industria delle costruzioni e le prospettive di mercato.<\/p>\n<p>L\u2019edizione di quest\u2019anno include un nuovo spazio dedicato alle energie rinnovabili, volendosi proporre come piattaforma di scambio e discussione per operatori e professionisti di tecnologie verdi.<\/p>\n","protected":false},"excerpt":{"rendered":"Dakar, 23 febbraio 2023. L\u2019Ambasciatore d\u2019Italia a Dakar, Giovanni Umberto De Vito, ha accompagnato oggi i Ministri del Commercio, Abdou Karim Fofana, e dell\u2019Urbanismo e dell\u2019Edilizia, Abdoulaye Saydou Sow, all\u2019inaugurazione della Fiera delle Costruzioni SENCON 2023 in corso dal 23 al 25 febbraio, presso il Centro delle Esposizioni di Dakar\/Diamniadio (C.I.C.A.D). Nel visitare gli stand [&hellip;]","protected":false},"author":1,"featured_media":0,"comment_status":"","ping_status":"","sticky":false,"template":"","format":"standard","meta":{"footnotes":""},"tags":[],"class_list":["post-1291","post","type-post","status-publish","format-standard","hentry"],"_links":{"self":[{"href":"https:\/\/ambdakar.esteri.it\/it\/wp-json\/wp\/v2\/posts\/1291","targetHints":{"allow":["GET"]}}],"collection":[{"href":"https:\/\/ambdakar.esteri.it\/it\/wp-json\/wp\/v2\/posts"}],"about":[{"href":"https:\/\/ambdakar.esteri.it\/it\/wp-json\/wp\/v2\/types\/post"}],"author":[{"embeddable":true,"href":"https:\/\/ambdakar.esteri.it\/it\/wp-json\/wp\/v2\/users\/1"}],"replies":[{"embeddable":true,"href":"https:\/\/ambdakar.esteri.it\/it\/wp-json\/wp\/v2\/comments?post=1291"}],"version-history":[{"count":0,"href":"https:\/\/ambdakar.esteri.it\/it\/wp-json\/wp\/v2\/posts\/1291\/revisions"}],"wp:attachment":[{"href":"https:\/\/ambdakar.esteri.it\/it\/wp-json\/wp\/v2\/media?parent=1291"}],"wp:term":[{"taxonomy":"post_tag","embeddable":true,"href":"https:\/\/ambdakar.esteri.it\/it\/wp-json\/wp\/v2\/tags?post=1291"}],"curies":[{"name":"wp","href":"https:\/\/api.w.org\/{rel}","templated":true}]}}