{"id":2015,"date":"2018-06-19T16:04:17","date_gmt":"2018-06-19T16:04:17","guid":{"rendered":"https:\/\/ambdakar.esteri.it\/news\/dall_ambasciata\/2018\/06\/la-danse-de-la-parite-da-un-opera\/"},"modified":"2018-06-19T16:04:17","modified_gmt":"2018-06-19T16:04:17","slug":"la-danse-de-la-parite-da-un-opera","status":"publish","type":"post","link":"https:\/\/ambdakar.esteri.it\/it\/news\/dall_ambasciata\/2018\/06\/la-danse-de-la-parite-da-un-opera\/","title":{"rendered":"LA DANSE DE LA PARITE (da un\u2019opera del Premio Nobel Dario Fo) \u2013 Teatro Nazionale Daniel Sorano 27 giugno, h 17"},"content":{"rendered":"<p>\u00a0<img decoding=\"async\" src=\"resource\/doc\/2018\/06\/banderole_danse_de_la_parite-page-001.jpg\" alt=\"banderole danse de la parite page 001\" \/><\/p>\n<p>L\u2019Ambasciata d\u2019Italia, in collaborazione con il Th\u00e9\u00e2tre National Daniel Sorano, ha l\u2019onore di presentare lo spettacolo teatrale \u201cLa danse de la parit\u00e9\u201d a cura di Pape Samba Badji e di Omar Ciss.<\/p>\n<p>L\u2019opera \u00e8 una riadattazione della pi\u00e8ce teatrale \u201cCoppia aperta quasi spalancata\u201d di Dario Fo, Premio Nobel della Letteratura e sar\u00e0 portata in scena dagli attori della Compagnie Du Th\u00e9\u00e2tre National Daniel Sorano di Dakar. La celebre pi\u00e8ce di Dario Fo racconta la storia dell\u2019ingegnere Lambretti e di sua moglie Antonia e dei loro esilaranti tentativi di forma una coppia \u201caperta\u201d, cos\u00ec invitando gli spettatori a una riflessione sui rapporti uomo\/donna e sul ruolo e la condizione della donna nella societ\u00e0.<\/p>\n<p>L\u2019ingresso \u00e8 gratuito!<\/p>\n<p>Il pubblico interessato dovr\u00e0 per\u00f2 provvedere al previo ritiro del biglietto gratuito presso l\u2019ufficio del Direttore della Programmazione Monsieur LO o della sua assistente Mlle Sonko al Th\u00e9\u00e2tre Sorano, tutti i giorni dalle ore 8:30 alle 16:30.<\/p>\n<p>Lo spettacolo sar\u00e0 rappresentato presso il Th\u00e9\u00e2tre Sorano mercoled\u00ec 27 giugno alle ore 17:00 (mise en place dalle ore 16:30).<\/p>\n","protected":false},"excerpt":{"rendered":"\u00a0 L\u2019Ambasciata d\u2019Italia, in collaborazione con il Th\u00e9\u00e2tre National Daniel Sorano, ha l\u2019onore di presentare lo spettacolo teatrale \u201cLa danse de la parit\u00e9\u201d a cura di Pape Samba Badji e di Omar Ciss. L\u2019opera \u00e8 una riadattazione della pi\u00e8ce teatrale \u201cCoppia aperta quasi spalancata\u201d di Dario Fo, Premio Nobel della Letteratura e sar\u00e0 portata in [&hellip;]","protected":false},"author":1,"featured_media":0,"comment_status":"","ping_status":"","sticky":false,"template":"","format":"standard","meta":{"footnotes":""},"tags":[],"class_list":["post-2015","post","type-post","status-publish","format-standard","hentry"],"_links":{"self":[{"href":"https:\/\/ambdakar.esteri.it\/it\/wp-json\/wp\/v2\/posts\/2015","targetHints":{"allow":["GET"]}}],"collection":[{"href":"https:\/\/ambdakar.esteri.it\/it\/wp-json\/wp\/v2\/posts"}],"about":[{"href":"https:\/\/ambdakar.esteri.it\/it\/wp-json\/wp\/v2\/types\/post"}],"author":[{"embeddable":true,"href":"https:\/\/ambdakar.esteri.it\/it\/wp-json\/wp\/v2\/users\/1"}],"replies":[{"embeddable":true,"href":"https:\/\/ambdakar.esteri.it\/it\/wp-json\/wp\/v2\/comments?post=2015"}],"version-history":[{"count":0,"href":"https:\/\/ambdakar.esteri.it\/it\/wp-json\/wp\/v2\/posts\/2015\/revisions"}],"wp:attachment":[{"href":"https:\/\/ambdakar.esteri.it\/it\/wp-json\/wp\/v2\/media?parent=2015"}],"wp:term":[{"taxonomy":"post_tag","embeddable":true,"href":"https:\/\/ambdakar.esteri.it\/it\/wp-json\/wp\/v2\/tags?post=2015"}],"curies":[{"name":"wp","href":"https:\/\/api.w.org\/{rel}","templated":true}]}}