{"id":2073,"date":"2018-03-08T15:51:30","date_gmt":"2018-03-08T15:51:30","guid":{"rendered":"https:\/\/ambdakar.esteri.it\/news\/dall_ambasciata\/2018\/03\/l-ambasciata-d-italia-a-dakar-formula\/"},"modified":"2018-03-08T15:51:30","modified_gmt":"2018-03-08T15:51:30","slug":"l-ambasciata-d-italia-a-dakar-formula","status":"publish","type":"post","link":"https:\/\/ambdakar.esteri.it\/it\/news\/dall_ambasciata\/2018\/03\/l-ambasciata-d-italia-a-dakar-formula\/","title":{"rendered":"L&#8217;Ambasciata d&#8217;Italia a Dakar formula le pi\u00f9 sentite condoglianze alla famiglia di Idy Diene, cittadino senegalese tragicamente ucciso in un gesto folle a Firenze nella giornata del 5 marzo."},"content":{"rendered":"<p><a href=\"resource\/doc\/2018\/03\/condoglianze_a_famiglia_idy_diene.doc\">L&#8217;Ambasciata d&#8217;Italia a Dakar formula le pi\u00f9 sentite condoglianze alla famiglia di Idy Diene, cittadino senegalese da anni regolarmente residente in Italia, tragicamente ucciso in un gesto folle a Firenze nella giornata del 5 marzo.<\/a><br \/><a href=\"resource\/doc\/2018\/03\/condoglianze_a_famiglia_idy_diene.doc\">Si tratta di un episodio tragico ma circoscritto, che non incider\u00e0 sui sentimenti di apertura, accoglienza e solidariet\u00e0 del popolo e della societ\u00e0 italiana.<\/a><br \/><a href=\"resource\/doc\/2018\/03\/condoglianze_a_famiglia_idy_diene.doc\">L&#8217;Ambasciata esprime inoltre forte solidariet\u00e0 alla comunit\u00e0 senegalese in Toscana, una delle pi\u00f9 numerose e meglio integrate nel tessuto economico e sociale di quella Regione. Esprime altres\u00ec apprezzamento per il senso di responsabilit\u00e0 dei dirigenti della diaspora senegalese in Toscana di fronte alle reazioni anche violente che hanno fatto seguito alla morte di Idy Diene. E&#8217; certa infine che nell&#8217;incontro di oggi a Firenze il Sindaco della citt\u00e0, Dario Nardella, si render\u00e0 interprete con l&#8217;Ambasciatore del Senegal in Italia, Mamadou Saliou Diouf, di questi sentimenti.<\/a><\/p>\n<p><a href=\"resource\/doc\/2018\/03\/condoglianze_a_famiglia_idy_diene.doc\">Dakar, l\u20198 marzo 2018<\/a><\/p>\n","protected":false},"excerpt":{"rendered":"L&#8217;Ambasciata d&#8217;Italia a Dakar formula le pi\u00f9 sentite condoglianze alla famiglia di Idy Diene, cittadino senegalese da anni regolarmente residente in Italia, tragicamente ucciso in un gesto folle a Firenze nella giornata del 5 marzo.Si tratta di un episodio tragico ma circoscritto, che non incider\u00e0 sui sentimenti di apertura, accoglienza e solidariet\u00e0 del popolo e [&hellip;]","protected":false},"author":1,"featured_media":0,"comment_status":"","ping_status":"","sticky":false,"template":"","format":"standard","meta":{"footnotes":""},"tags":[],"class_list":["post-2073","post","type-post","status-publish","format-standard","hentry"],"_links":{"self":[{"href":"https:\/\/ambdakar.esteri.it\/it\/wp-json\/wp\/v2\/posts\/2073","targetHints":{"allow":["GET"]}}],"collection":[{"href":"https:\/\/ambdakar.esteri.it\/it\/wp-json\/wp\/v2\/posts"}],"about":[{"href":"https:\/\/ambdakar.esteri.it\/it\/wp-json\/wp\/v2\/types\/post"}],"author":[{"embeddable":true,"href":"https:\/\/ambdakar.esteri.it\/it\/wp-json\/wp\/v2\/users\/1"}],"replies":[{"embeddable":true,"href":"https:\/\/ambdakar.esteri.it\/it\/wp-json\/wp\/v2\/comments?post=2073"}],"version-history":[{"count":0,"href":"https:\/\/ambdakar.esteri.it\/it\/wp-json\/wp\/v2\/posts\/2073\/revisions"}],"wp:attachment":[{"href":"https:\/\/ambdakar.esteri.it\/it\/wp-json\/wp\/v2\/media?parent=2073"}],"wp:term":[{"taxonomy":"post_tag","embeddable":true,"href":"https:\/\/ambdakar.esteri.it\/it\/wp-json\/wp\/v2\/tags?post=2073"}],"curies":[{"name":"wp","href":"https:\/\/api.w.org\/{rel}","templated":true}]}}