{"id":2902,"date":"2024-04-16T12:00:16","date_gmt":"2024-04-16T12:00:16","guid":{"rendered":"https:\/\/ambdakar.esteri.it\/?p=2902"},"modified":"2024-04-20T10:11:02","modified_gmt":"2024-04-20T10:11:02","slug":"giornata-del-made-in-italy-2024-la-creativita-italiana-dal-tessile-allarte-vascolare","status":"publish","type":"post","link":"https:\/\/ambdakar.esteri.it\/it\/news\/dall_ambasciata\/2024\/04\/giornata-del-made-in-italy-2024-la-creativita-italiana-dal-tessile-allarte-vascolare\/","title":{"rendered":"Giornata del Made in Italy 2024: \u201cla creativit\u00e0 italiana dal tessile all\u2019arte vascolare\u201d"},"content":{"rendered":"<p>In occasione della \u201cGiornata del Made in Italy\u201d, l\u2019Ambasciata d\u2019Italia a Dakar ha organizzato una serata tutta dedicata alla creativit\u00e0 italiana, nella splendida cornice dell\u2019Istituto Italiano di Cultura, allestito per l\u2019occasione con un\u2019installazione realizzata dall\u2019Universit\u00e0 di Firenze. Il pubblico, composto da una nutrita selezione di architetti, designer, giornalisti di settore e stilisti sia senegalesi che italiani, ha cos\u00ec potuto apprezzare un eclettico momento che ha visto protagonisti il tessile, nelle sue declinazioni del design d\u2019interno e della moda, e i vasi italiani, quelli della mostra fotografica \u201c<strong>100 Vasi<\/strong>\u201d prodotta da SKIRA.<\/p>\n<p>\u201c<em>Grazie alla sua versatilit\u00e0, il design italiano \u00e8 naturalmente incline a sviluppare contaminazioni con altre geografie, soprattutto in Paesi &#8211; come il Senegal &#8211; dove le tradizioni sartoriali e artigianali sono particolarmente radicate<\/em>\u201d, ha dichiarato l\u2019<strong>Ambasciatrice d\u2019Italia in Senegal, Caterina Bertolini<\/strong>.<\/p>\n<p>Durante la serata, <strong>Andrea Innocenzo Volpe<\/strong>, architetto e professore presso il Dipartimento di Progettazione dell\u2019Architettura dell\u2019Universit\u00e0 di Firenze, \u00e8 intervenuto sul tema dell\u2019architettura tessile e degli spazi effimeri nel design italiano, presentando l\u2019installazione appositamente portata da Firenze.<\/p>\n<p>Nel secondo contributo dell\u2019evento, <strong>Dalira Uwonkunda<\/strong> ha presentato l\u2019esperienza di Afro Fashion Association, realt\u00e0 imprenditoriale di cui \u00e8 vice Presidente, attiva da oltre 10 anni nella promozione del Made in Italy in Africa e che da Milano cura le attivit\u00e0 di talenti africani della moda basati in Italia.<\/p>\n<p>La \u201cGiornata del Made in Italy\u201d in Senegal ha fatto parte delle iniziative realizzate nell\u2019ambito dell\u2019\u201d<strong>Italian Design Day<\/strong>\u201d, che ha visto numerosi altri momenti di incontro &#8211; promossi dall\u2019Addetto scientifico dell\u2019Ambasciata &#8211; fra la delegazione dell\u2019Universit\u00e0 di Firenze e controparti accademiche senegalesi, oltre ad altri incontri B2B &#8211; a cura dell\u2019Ufficio ICE di Dakar &#8211; fra Dalira Uwonkunda e stilisti locali in vista di possibili collaborazioni commerciali nel settore della moda.<\/p>\n<p>&nbsp;<\/p>\n","protected":false},"excerpt":{"rendered":"In occasione della \u201cGiornata del Made in Italy\u201d, l\u2019Ambasciata d\u2019Italia a Dakar ha organizzato una serata tutta dedicata alla creativit\u00e0 italiana, nella splendida cornice dell\u2019Istituto Italiano di Cultura, allestito per l\u2019occasione con un\u2019installazione realizzata dall\u2019Universit\u00e0 di Firenze. Il pubblico, composto da una nutrita selezione di architetti, designer, giornalisti di settore e stilisti sia senegalesi che [&hellip;]","protected":false},"author":4,"featured_media":2903,"comment_status":"closed","ping_status":"closed","sticky":false,"template":"","format":"standard","meta":{"footnotes":""},"tags":[7,8,9],"class_list":["post-2902","post","type-post","status-publish","format-standard","has-post-thumbnail","hentry","tag-diplomazia-culturale","tag-diplomazia-economica","tag-diplomazia-scientifica"],"_links":{"self":[{"href":"https:\/\/ambdakar.esteri.it\/it\/wp-json\/wp\/v2\/posts\/2902","targetHints":{"allow":["GET"]}}],"collection":[{"href":"https:\/\/ambdakar.esteri.it\/it\/wp-json\/wp\/v2\/posts"}],"about":[{"href":"https:\/\/ambdakar.esteri.it\/it\/wp-json\/wp\/v2\/types\/post"}],"author":[{"embeddable":true,"href":"https:\/\/ambdakar.esteri.it\/it\/wp-json\/wp\/v2\/users\/4"}],"replies":[{"embeddable":true,"href":"https:\/\/ambdakar.esteri.it\/it\/wp-json\/wp\/v2\/comments?post=2902"}],"version-history":[{"count":2,"href":"https:\/\/ambdakar.esteri.it\/it\/wp-json\/wp\/v2\/posts\/2902\/revisions"}],"predecessor-version":[{"id":2920,"href":"https:\/\/ambdakar.esteri.it\/it\/wp-json\/wp\/v2\/posts\/2902\/revisions\/2920"}],"wp:featuredmedia":[{"embeddable":true,"href":"https:\/\/ambdakar.esteri.it\/it\/wp-json\/wp\/v2\/media\/2903"}],"wp:attachment":[{"href":"https:\/\/ambdakar.esteri.it\/it\/wp-json\/wp\/v2\/media?parent=2902"}],"wp:term":[{"taxonomy":"post_tag","embeddable":true,"href":"https:\/\/ambdakar.esteri.it\/it\/wp-json\/wp\/v2\/tags?post=2902"}],"curies":[{"name":"wp","href":"https:\/\/api.w.org\/{rel}","templated":true}]}}