{"id":2948,"date":"2024-05-16T11:31:56","date_gmt":"2024-05-16T11:31:56","guid":{"rendered":"https:\/\/ambdakar.esteri.it\/?p=2948"},"modified":"2024-05-16T11:31:56","modified_gmt":"2024-05-16T11:31:56","slug":"nuova-tipologia-di-visto-per-familiari-di-cittadino-italiano","status":"publish","type":"post","link":"https:\/\/ambdakar.esteri.it\/it\/news\/dall_ambasciata\/2024\/05\/nuova-tipologia-di-visto-per-familiari-di-cittadino-italiano\/","title":{"rendered":"NUOVA TIPOLOGIA DI VISTO PER FAMILIARI DI CITTADINO ITALIANO"},"content":{"rendered":"<div class=\"html-div xe8uvvx xdj266r x11i5rnm xat24cr x1mh8g0r xexx8yu x4uap5 x18d9i69 xkhd6sd\">\n<div class=\"html-div xe8uvvx xdj266r x11i5rnm xat24cr x1mh8g0r xexx8yu x4uap5 x18d9i69 xkhd6sd\" dir=\"auto\">\n<div id=\":r4c7:\" class=\"x1iorvi4 x1pi30zi x1swvt13 xjkvuk6\" data-ad-comet-preview=\"message\" data-ad-preview=\"message\">\n<div class=\"x78zum5 xdt5ytf xz62fqu x16ldp7u\">\n<div class=\"xu06os2 x1ok221b\">\n<div class=\"x11i5rnm xat24cr x1mh8g0r x1vvkbs xtlvy1s x126k92a\">\n<div dir=\"auto\">A partire dal <strong>1 giugno 2024<\/strong> per i familiari di cittadini italiani o dell&#8217;Unione Europea che intendono ricongiungersi con il familiare stabilmente residente in Italia non sar\u00e0 pi\u00f9 rilasciato un visto di corto soggiorno per turismo\/visita a familiare ma verr\u00e0 rilasciato un <strong>visto nazionale per \u201cmotivi familiari\u201d<\/strong>, valido solo per ingresso e circolazione su territorio italiano.<\/div>\n<div dir=\"auto\"><\/div>\n<\/div>\n<div class=\"x11i5rnm xat24cr x1mh8g0r x1vvkbs xtlvy1s x126k92a\">\n<div dir=\"auto\">Si ricorda che, come indicato dal DL 30\/2007, i familiare che hanno diritto al ricongiungimento familiare sono <strong>ESCLUSIVAMENTE<\/strong>:<\/div>\n<div dir=\"auto\">&#8211; Il coniuge;<\/div>\n<div dir=\"auto\">&#8211; Il partner che abbia contratto con il cittadino dell&#8217;Unione europea un&#8217;unione registrata sulla base della legislazione di uno Stato membro, qualora la legislazione dello Stato membro ospitante equipari l&#8217;unione registrata al matrimonio e nel rispetto delle condizioni previste dalla pertinente legislazione dello Stato membro ospitante;<\/div>\n<div dir=\"auto\">&#8211; I discendenti diretti di et\u00e0 inferiore a 21 anni o a carico e quelli del coniuge o partner;<\/div>\n<div dir=\"auto\">&#8211; Gli ascendenti diretti a carico e quelli del coniuge o partner<\/div>\n<\/div>\n<div class=\"x11i5rnm xat24cr x1mh8g0r x1vvkbs xtlvy1s x126k92a\">\n<div dir=\"auto\"><\/div>\n<div dir=\"auto\">Si ricorda altres\u00ec che questa tipologia di visto \u00e8 gratuita.<\/div>\n<\/div>\n<div class=\"x11i5rnm xat24cr x1mh8g0r x1vvkbs xtlvy1s x126k92a\">\n<div dir=\"auto\">L\u2019appuntamento deve essere richiesto esclusivamente dall\u2019interessato o dal familiare in Italia inviando una PEC (Posta Elettronica Certificata) all\u2019indirizzo amb.dakar.visti@cert.esteri.it<\/div>\n<\/div>\n<div class=\"x11i5rnm xat24cr x1mh8g0r x1vvkbs xtlvy1s x126k92a\">\n<div dir=\"auto\"><\/div>\n<div dir=\"auto\"><strong>FRA<\/strong><\/div>\n<\/div>\n<div class=\"x11i5rnm xat24cr x1mh8g0r x1vvkbs xtlvy1s x126k92a\">\n<div dir=\"auto\"><\/div>\n<div dir=\"auto\"><strong>NOUVEAU TYPE DE VISA POUR LES MEMBRES DE LA FAMILLE DE CITOYENS ITALIENS<\/strong><\/div>\n<div dir=\"auto\">\u00c0 partir du <strong>1er juin 2024<\/strong>, les membres de la famille de citoyens italiens ou de l&#8217;Union europ\u00e9enne qui ont l&#8217;intention de rejoindre le membre de leur famille r\u00e9sidant en permanence en Italie ne se verront plus d\u00e9livrer un visa de court s\u00e9jour pour tourisme\/visites familiales, mais un <strong>visa national pour &#8220;raisons familiales&#8221;<\/strong>, valable uniquement pour l&#8217;entr\u00e9e et la circulation sur le territoire italien.<\/div>\n<\/div>\n<div class=\"x11i5rnm xat24cr x1mh8g0r x1vvkbs xtlvy1s x126k92a\">\n<div dir=\"auto\">Veuillez noter que, comme indiqu\u00e9 par le DL 30\/2007, les membres de la famille qui ont droit au regroupement familial sont <strong>EXCLUSIVEMENT<\/strong> :<\/div>\n<div dir=\"auto\">&#8211; Le conjoint ;<\/div>\n<div dir=\"auto\">&#8211; Le partenaire qui a contract\u00e9 un partenariat enregistr\u00e9 avec le citoyen de l&#8217;Union europ\u00e9enne sur la base de la l\u00e9gislation d&#8217;un \u00c9tat membre, si la l\u00e9gislation de l&#8217;\u00c9tat membre d&#8217;accueil assimile le partenariat enregistr\u00e9 au mariage et dans le respect des conditions pr\u00e9vues par la l\u00e9gislation pertinente de l&#8217;\u00c9tat membre d&#8217;accueil ;<\/div>\n<div dir=\"auto\">&#8211; Les descendants directs \u00e2g\u00e9s de moins de 21 ans ou \u00e0 charge et ceux du conjoint ou du partenaire ;<\/div>\n<div dir=\"auto\">&#8211; Les ascendants directs \u00e0 charge et ceux du conjoint ou du partenaire.<\/div>\n<\/div>\n<div class=\"x11i5rnm xat24cr x1mh8g0r x1vvkbs xtlvy1s x126k92a\">\n<div dir=\"auto\">Veuillez \u00e9galement noter que ce type de visa est gratuit.<\/div>\n<div dir=\"auto\">Le rendez-vous doit \u00eatre demand\u00e9 exclusivement par l&#8217;int\u00e9ress\u00e9 ou le membre de sa famille en Italie en envoyant un PEC (Certified Electronic Mail) \u00e0 amb.dakar.visti@cert.esteri.it.<\/div>\n<\/div>\n<div class=\"x11i5rnm xat24cr x1mh8g0r x1vvkbs xtlvy1s x126k92a\">\n<div dir=\"auto\"><\/div>\n<div dir=\"auto\"><strong>WOLOF<\/strong><\/div>\n<div dir=\"auto\"><\/div>\n<\/div>\n<div class=\"x11i5rnm xat24cr x1mh8g0r x1vvkbs xtlvy1s x126k92a\">\n<div dir=\"auto\"><strong>KH\u00c9TOU VISA YOU BESS POUR GNI BOK AK CITOYENS ITALIENS<\/strong><\/div>\n<\/div>\n<div class=\"x11i5rnm xat24cr x1mh8g0r x1vvkbs xtlvy1s x126k92a\">\n<div dir=\"auto\">Li ko dal\u00e9 si beuss bi ndieuk si w\u00e8rou Juin, gni bok si ndiabotou ab citoyens italiens wala ab citoyens wou Union Europ\u00e9enne t\u00e9 am y\u00e9n\u00e9 fek ki dji sen mbok bi gnou bokal t\u00e9 mou nek citoyens italiens wala Union europ\u00e9enne t\u00e9 deuk foufou si Italie dotou gnou l\u00e9ne diokhati visa yi di am temps bou gat pour tourisme wala bigniy diokh\u00e9 nguir s\u00e8ti sa mbok rek, visa bi gniy diokh\u00e9 l\u00e9gui visa national lay done teksi nguir \u201craisons familiales\u201d rek niou meune ko dieufeu ndiko si doug bir Italie ak si d\u00e9m ak dik bi si bir Italie.<\/div>\n<\/div>\n<div class=\"x11i5rnm xat24cr x1mh8g0r x1vvkbs xtlvy1s x126k92a\">\n<div dir=\"auto\">Diap l\u00e8ne ni mbok citoyens italiens yi meune lat\u00e9 visas yi comme niko DL 30\/2007 teureul\u00e9 nguir Lat\u00e9 regroupement familiales niom nioy:<\/div>\n<\/div>\n<div class=\"x11i5rnm xat24cr x1mh8g0r x1vvkbs xtlvy1s x126k92a\">\n<div dir=\"auto\">Gni di seuy ak citoyen italien<\/div>\n<div dir=\"auto\">Kou nekak citoyen italien teksi sign\u00e9 ak mom contrat bou melni mariage wala b\u00e9nen bo khamni ben si \u00c9tat membres nangou nako teksi dadi lalou si l\u00e9gislation \u00c9tat Bi ngay dem<\/div>\n<div dir=\"auto\">Gni wesso goul 21 ans teh nek ay seutou citoyens italiens wala gni nek si lokho diabaram wala ki mou n\u00e9kale<\/div>\n<div dir=\"auto\">Waydiour wala mamou citoyen italien bi wala wadiourou diabaram ak ay mamam you diabaram wala ki mou n\u00e8kal<\/div>\n<\/div>\n<div class=\"x11i5rnm xat24cr x1mh8g0r x1vvkbs xtlvy1s x126k92a\">\n<div dir=\"auto\">Niou fat\u00e9li l\u00e9ne ni kh\u00e9tou visa bobou dafa gratuit.<\/div>\n<div dir=\"auto\">Rendez-vous bi niar gni rek nioko meune lat\u00e9 mouy ki sokhla si bopam visa bi wala mbokam bi nek Italie diaral\u00e9ko si yond\u00e9 batakhal PEC (Certified Electronic Mail) si amb.dakar.visti@cert.esteri.it.<\/div>\n<\/div>\n<\/div>\n<\/div>\n<\/div>\n<\/div>\n<\/div>\n<div class=\"x8gbvx8 x80vd3b x1q0q8m5 xso031l x8cjs6t x13fuv20 x178xt8z x78zum5 x1q0g3np x1qughib xz9dl7a xn6708d xsag5q8 xpkgp8e x14vqqas\">\n<div class=\"x6s0dn4 x78zum5 x1nhvcw1\"><\/div>\n<div class=\"x78zum5 x13a6bvl\">\n<div class=\"x1n2onr6 x1ja2u2z x78zum5 x2lah0s xl56j7k x6s0dn4 xozqiw3 x1q0g3np xi112ho x17zwfj4 x585lrc x1403ito x972fbf xcfux6l x1qhh985 xm0m39n x9f619 xn6708d x1ye3gou xtvsq51 x1r1pt67\" role=\"none\">\n<div class=\"x6s0dn4 x78zum5 xl56j7k x1608yet xljgi0e x1e0frkt\">\n<div class=\"x9f619 x1n2onr6 x1ja2u2z x193iq5w xeuugli x6s0dn4 x78zum5 x2lah0s x1fbi1t2 xl8fo4v\" role=\"none\"><\/div>\n<\/div>\n<div class=\"x1ey2m1c xds687c x17qophe xg01cxk x47corl x10l6tqk x13vifvy x1ebt8du x19991ni x1dhq9h x1o1ewxj x3x9cwd x1e5q0jg x13rtm0m\" role=\"none\" data-visualcompletion=\"ignore\"><\/div>\n<\/div>\n<\/div>\n<\/div>\n","protected":false},"excerpt":{"rendered":"A partire dal 1 giugno 2024 per i familiari di cittadini italiani o dell&#8217;Unione Europea che intendono ricongiungersi con il familiare stabilmente residente in Italia non sar\u00e0 pi\u00f9 rilasciato un visto di corto soggiorno per turismo\/visita a familiare ma verr\u00e0 rilasciato un visto nazionale per \u201cmotivi familiari\u201d, valido solo per ingresso e circolazione su territorio [&hellip;]","protected":false},"author":5,"featured_media":0,"comment_status":"closed","ping_status":"closed","sticky":false,"template":"","format":"standard","meta":{"footnotes":""},"tags":[],"class_list":["post-2948","post","type-post","status-publish","format-standard","hentry"],"_links":{"self":[{"href":"https:\/\/ambdakar.esteri.it\/it\/wp-json\/wp\/v2\/posts\/2948","targetHints":{"allow":["GET"]}}],"collection":[{"href":"https:\/\/ambdakar.esteri.it\/it\/wp-json\/wp\/v2\/posts"}],"about":[{"href":"https:\/\/ambdakar.esteri.it\/it\/wp-json\/wp\/v2\/types\/post"}],"author":[{"embeddable":true,"href":"https:\/\/ambdakar.esteri.it\/it\/wp-json\/wp\/v2\/users\/5"}],"replies":[{"embeddable":true,"href":"https:\/\/ambdakar.esteri.it\/it\/wp-json\/wp\/v2\/comments?post=2948"}],"version-history":[{"count":1,"href":"https:\/\/ambdakar.esteri.it\/it\/wp-json\/wp\/v2\/posts\/2948\/revisions"}],"predecessor-version":[{"id":2949,"href":"https:\/\/ambdakar.esteri.it\/it\/wp-json\/wp\/v2\/posts\/2948\/revisions\/2949"}],"wp:attachment":[{"href":"https:\/\/ambdakar.esteri.it\/it\/wp-json\/wp\/v2\/media?parent=2948"}],"wp:term":[{"taxonomy":"post_tag","embeddable":true,"href":"https:\/\/ambdakar.esteri.it\/it\/wp-json\/wp\/v2\/tags?post=2948"}],"curies":[{"name":"wp","href":"https:\/\/api.w.org\/{rel}","templated":true}]}}